{"id":1230915,"date":"2026-08-12T05:25:29","date_gmt":"2026-08-12T05:25:29","guid":{"rendered":"https:\/\/www.europesays.com\/de\/1230915\/"},"modified":"2026-08-12T05:25:29","modified_gmt":"2026-08-12T05:25:29","slug":"neue-regeln-der-eu-diese-verpackungen-gibt-es-bald-nicht-mehr","status":"publish","type":"post","link":"https:\/\/www.europesays.com\/de\/1230915\/","title":{"rendered":"Neue Regeln der EU: Diese Verpackungen gibt es bald nicht mehr"},"content":{"rendered":"<p>            <img loading=\"lazy\" decoding=\"async\" class=\"ts-image\" src=\"https:\/\/www.europesays.com\/de\/wp-content\/uploads\/2026\/08\/zitronen-netz-100.jpg\" alt=\"In Plastiknetzen verpackte Zitronen.\" title=\"In Plastiknetzen verpackte Zitronen. | picture alliance \/ Manfred Seger\"\/><\/p>\n<p class=\"metatextline\">Stand: 12.08.2026 \u2022 05:47 Uhr<\/p>\n<p class=\"article-head__shorttext\">\n        <strong>Ab heute gelten in der EU sch\u00e4rfere Regeln bei Verpackungen. Das Ziel: die Menge an M\u00fcll deutlich reduzieren. Nach dem Aus f\u00fcr Plastik-Trinkhalme hei\u00dft es f\u00fcr Verbraucher bald Abschied nehmen von bestimmten Verpackungen.<\/strong>\n    <\/p>\n<p>                                    <a class=\"authorline__link\" href=\"https:\/\/www.tagesschau.de\/korrespondenten\/lopez-132.html\" rel=\"nofollow noopener\" target=\"_blank\"><br \/>\n                                        <img decoding=\"async\" class=\"authorline__img\" alt=\"Sarah L\u00f3pez\" src=\"https:\/\/www.europesays.com\/de\/wp-content\/uploads\/2026\/08\/lopez-134.jpg\"\/><br \/>\n                                    <\/a><\/p>\n<p class=\"textabsatz m-ten m-offset-one l-eight l-offset-two columns twelve\">Die Europ\u00e4ische Union hat ein gro\u00dfes Ziel: Bis 2030 sollen Verpackungen in der EU <a href=\"https:\/\/www.tagesschau.de\/ausland\/europa\/eu-verpackung-muell-100.html\" title=\"Neue EU-Verordnung soll Verpackungsm\u00fcll in Haushalten reduzieren\" rel=\"nofollow noopener\" target=\"_blank\">bis auf wenige Ausnahmen recycelbar sein.<\/a> Gelingen soll das mit der EU-Verordnung \u00fcber Verpackungen und Verpackungsabf\u00e4lle. Hinter dem sperrigen Namen steckt <a href=\"https:\/\/eur-lex.europa.eu\/legal-content\/DE\/TXT\/PDF\/?uri=OJ:L_202500040\" title=\"EU-Verpackungsverordnung\" class=\"textlink--extern js-link-dialog\" rel=\"noopener noreferrer nofollow\" target=\"_blank\" data-type=\"external\">ein 124-seitiges Dokument mit 71 Artikeln<\/a>. Viele davon werden die Verbraucher ganz konkret im Alltag bemerken. Ab heute gelten die ersten \u00c4nderungen.<\/p>\n<p class=\"textabsatz m-ten m-offset-one l-eight l-offset-two columns twelve\">F\u00fcr Lebensmittelverpackungen gibt es neue Grenzwerte f\u00fcr PFAS, also f\u00fcr eine Gruppe von k\u00fcnstlich hergestellten Chemikalien, die <a href=\"https:\/\/www.tagesschau.de\/wirtschaft\/tfa-ewigkeitschemikalie-nahrunsgsmittel-100.html\" title=\"Ewigkeitschemikalie TFA bedroht Nahrung und Trinkwasser\" rel=\"nofollow noopener\" target=\"_blank\">in der Umwelt praktisch nicht abgebaut<\/a> werden. Auch <a href=\"https:\/\/www.tagesschau.de\/ausland\/eu-chemikalienbehoerde-tfa-hochgefaehrlich-100.html\" title=\"EU schreibt TFA sch\u00e4dliche Wirkung auf die Fortpflanzung zu\" rel=\"nofollow noopener\" target=\"_blank\">f\u00fcr die Gesundheit<\/a> k\u00f6nnen die Chemikalien ein Problem werden, denn manche k\u00f6nnen zum Beispiel zu Krebs und Lebersch\u00e4den f\u00fchren.<\/p>\n<p class=\"textabsatz m-ten m-offset-one l-eight l-offset-two columns twelve\">Unterm Strich d\u00fcrften die Ver\u00e4nderungen aber eher bei den Unternehmen f\u00fcr Aufregung sorgen als bei den Verbrauchern. Denn mit der neuen Verordnung \u00e4ndern sich ab heute teilweise die Rollen und damit auch die Aufgaben der Unternehmen beim Thema Verpackungsm\u00fcll. Es geht etwa darum, wer welche Informationen bereitstellen muss.<\/p>\n<p>    Kritik aus der Wirtschaft: zu komplex<\/p>\n<p class=\"textabsatz m-ten m-offset-one l-eight l-offset-two columns twelve\">&#8222;Das ist von der Komplexit\u00e4t her einfach zu sperrig&#8220;, kritisiert Christoph Petri, Referatsleiter f\u00fcr Kreislaufwirtschaft und Umweltpolitik bei der Deutschen Industrie- und Handelskammer. Er bekomme gerade t\u00e4glich Fragen von Unternehmen zu den neuen Regeln auf den Tisch. Seiner Einsch\u00e4tzung nach gibt es noch viel Unsicherheit bei den Unternehmen. Petri pl\u00e4diert daf\u00fcr, die Umsetzung der Verordnung zu pausieren: &#8222;Weil es einerseits rechtlich noch Grauzonen gibt, aber auch weil es f\u00fcr viele Unternehmen v\u00f6lliges Neuland ist.&#8220;<\/p>\n<p class=\"textabsatz m-ten m-offset-one l-eight l-offset-two columns twelve\">Tats\u00e4chlich sind die neuen Regeln, die ab heute gelten, nur ein kleiner Teil der EU-Verpackungsverordnung. In den kommenden Jahren werden weitere Ver\u00e4nderungen folgen, die einerseits bei den Unternehmen f\u00fcr weitere Umstellungen sorgen werden, sich aber andererseits auch bei den Verbrauchern bemerkbar machen werden &#8211; ob beim Online-Shopping oder im Supermarkt.<\/p>\n<p>    Pakete sollen m\u00f6glichst klein sein<\/p>\n<p class=\"textabsatz m-ten m-offset-one l-eight l-offset-two columns twelve\">Die Europ\u00e4ische Union wird unn\u00f6tig gro\u00dfe Pakete bei Online-Bestellungen verbieten. Es soll also nicht mehr m\u00f6glich sein, online einen einzelnen Lippenstift zu bestellen und diesen dann in einem Paket in der Gr\u00f6\u00dfe eines Schuhkartons zu erhalten. Die generelle Vorgabe regelt: Maximal 50 Prozent Leerraum d\u00fcrfen es dann noch sein.<\/p>\n<p class=\"textabsatz m-ten m-offset-one l-eight l-offset-two columns twelve\">Manche Verpackungstypen werden ab 2030 au\u00dferdem verboten. Dazu geh\u00f6rt etwa das Ketchup-T\u00fctchen im Fast-Food-Restaurant, das Plastik-Netz f\u00fcr die 500 Gramm Zitronen im Supermarkt und das Mini-Shampoo im Hotel.<\/p>\n<p class=\"textabsatz m-ten m-offset-one l-eight l-offset-two columns twelve\">Die EU will die Menge an Verpackungsm\u00fcll in der EU deutlich reduzieren. 2023 kamen <a href=\"https:\/\/ec.europa.eu\/eurostat\/databrowser\/view\/env_waspac__custom_14045341\/bookmark\/table?lang=de&amp;bookmarkId=bc88246c-6ee7-46c3-82be-1699c09f3a09&amp;c=1733306489356\" title=\"Eurostat: Verpackungsabf\u00e4lle nach Abfallbewirtschaftungsma\u00dfnahmen\" class=\"textlink--extern js-link-dialog\" rel=\"noopener noreferrer nofollow\" target=\"_blank\" data-type=\"external\">nach Angaben der europ\u00e4ischen Statistikagentur Eurostat<\/a> im Schnitt 178 Kilogramm Verpackungsm\u00fcll auf jeden EU-B\u00fcrger. In Deutschland war es sogar noch mehr: knapp 215 Kilogramm.<\/p>\n<p>    Dosenpfand bald auch im Urlaub in Spanien<\/p>\n<p class=\"textabsatz m-ten m-offset-one l-eight l-offset-two columns twelve\">Die Verpackungen, die es weiterhin gibt, sollen recycelbar sein. Die EU gibt zuk\u00fcnftig vor, wie hoch der Rezyklatanteil in verschiedenen Verpackungsarten sein muss, also der Anteil aus bereits recyceltem Material. Au\u00dferdem setzt die EU auf Mehrweg-Systeme.<\/p>\n<p class=\"textabsatz m-ten m-offset-one l-eight l-offset-two columns twelve\">Bis 2029 m\u00fcssen die Mitgliedstaaten Pfandsysteme f\u00fcr Einweggetr\u00e4nkebeh\u00e4lter aus Kunststoff und Metall einrichten &#8211; \u00e4hnlich wie es das bereits in Deutschland gibt. Das w\u00fcrden viele also zum Beispiel im Urlaub in Spanien oder Italien merken.<\/p>\n<p>    Plastikdeckel waren nur der Anfang<\/p>\n<p class=\"textabsatz m-ten m-offset-one l-eight l-offset-two columns twelve\">Die Europ\u00e4ische Union will au\u00dferdem, dass Glas \u00f6fter recycelt und wiederverwendet wird. Daf\u00fcr gibt es Lob von der Verbraucherzentrale NRW. &#8222;Dass wir Mehrwegflaschen f\u00fcr Essig und \u00d6l bekommen werden und dass wir vielleicht auch die Glaskonserven, die jetzt noch Einweggef\u00e4\u00dfe sind, zuk\u00fcnftig als Mehrwegsysteme haben, das spart uns nat\u00fcrlich eine ganze Menge M\u00fcll&#8220;, sagt Philip Heldt, Referent f\u00fcr Ressourcenschutz bei der Verbraucherzentrale NRW.<\/p>\n<p class=\"textabsatz m-ten m-offset-one l-eight l-offset-two columns twelve\">Die EU-Verpackungsverordnung ist der logische Schritt auf dem Weg zur angepeilten Klimaneutralit\u00e4t bis 2050. Die Europ\u00e4ische Union verfolgt damit weiter konsequent ihre Anti-Plastik-Strategie. Vor mehr als f\u00fcnf Jahren beschloss sie das Aus f\u00fcr <a href=\"https:\/\/www.tagesschau.de\/inland\/kabinett-einwegplastikverbot-101.html\" title=\"Einwegplastik-Verbot: In Zukunft ohne Plastikgabel\" rel=\"nofollow noopener\" target=\"_blank\">Plastikstrohhalme und -besteck<\/a>, vor rund zwei Jahren das <a href=\"https:\/\/www.tagesschau.de\/wirtschaft\/verbraucher\/flaschen-deckel-umfrage-100.html\" title=\"Fest verbundene Deckel nerven Verbraucher beim Trinken\" rel=\"nofollow noopener\" target=\"_blank\">Ende f\u00fcr den losen Plastikdeckel von Trinkflaschen<\/a>. Bald ist nun also das Mini-Shampoo aus dem Hotel an der Reihe.<\/p>\n","protected":false},"excerpt":{"rendered":"Stand: 12.08.2026 \u2022 05:47 Uhr Ab heute gelten in der EU sch\u00e4rfere Regeln bei Verpackungen. Das Ziel: die&hellip;\n","protected":false},"author":2,"featured_media":1230916,"comment_status":"","ping_status":"","sticky":false,"template":"","format":"standard","meta":{"footnotes":"","_share_on_mastodon":"0"},"categories":[5],"tags":[11107,548,13,14,15,12,10,8,9,11,45384,221275],"class_list":["post-1230915","post","type-post","status-publish","format-standard","has-post-thumbnail","category-nachrichten","tag-abfall","tag-eu","tag-headlines","tag-nachrichten","tag-news","tag-schlagzeilen","tag-top-news","tag-top-meldungen","tag-topmeldungen","tag-topnews","tag-verpackungsmuell","tag-verpackungsverordnung"],"share_on_mastodon":{"url":"https:\/\/pubeurope.com\/@de\/117080881145641466","error":""},"_links":{"self":[{"href":"https:\/\/www.europesays.com\/de\/wp-json\/wp\/v2\/posts\/1230915","targetHints":{"allow":["GET"]}}],"collection":[{"href":"https:\/\/www.europesays.com\/de\/wp-json\/wp\/v2\/posts"}],"about":[{"href":"https:\/\/www.europesays.com\/de\/wp-json\/wp\/v2\/types\/post"}],"author":[{"embeddable":true,"href":"https:\/\/www.europesays.com\/de\/wp-json\/wp\/v2\/users\/2"}],"replies":[{"embeddable":true,"href":"https:\/\/www.europesays.com\/de\/wp-json\/wp\/v2\/comments?post=1230915"}],"version-history":[{"count":0,"href":"https:\/\/www.europesays.com\/de\/wp-json\/wp\/v2\/posts\/1230915\/revisions"}],"wp:featuredmedia":[{"embeddable":true,"href":"https:\/\/www.europesays.com\/de\/wp-json\/wp\/v2\/media\/1230916"}],"wp:attachment":[{"href":"https:\/\/www.europesays.com\/de\/wp-json\/wp\/v2\/media?parent=1230915"}],"wp:term":[{"taxonomy":"category","embeddable":true,"href":"https:\/\/www.europesays.com\/de\/wp-json\/wp\/v2\/categories?post=1230915"},{"taxonomy":"post_tag","embeddable":true,"href":"https:\/\/www.europesays.com\/de\/wp-json\/wp\/v2\/tags?post=1230915"}],"curies":[{"name":"wp","href":"https:\/\/api.w.org\/{rel}","templated":true}]}}