{"id":1230949,"date":"2026-08-12T05:49:16","date_gmt":"2026-08-12T05:49:16","guid":{"rendered":"https:\/\/www.europesays.com\/de\/1230949\/"},"modified":"2026-08-12T05:49:16","modified_gmt":"2026-08-12T05:49:16","slug":"schalke-pottcast-ruecktritt-im-sfcv-sorgt-fuer-neue-unruhe","status":"publish","type":"post","link":"https:\/\/www.europesays.com\/de\/1230949\/","title":{"rendered":"Schalke-Pottcast: R\u00fccktritt im SFCV sorgt f\u00fcr neue Unruhe"},"content":{"rendered":"<p>    <a href=\"https:\/\/www.ruhrnachrichten.de\/wp-content\/uploads\/2026\/08\/11\/19\/630_0900_6668902_-1648x824.jpg\" rel=\"nofollow noopener\" target=\"_blank\"><\/p>\n<p>            <img loading=\"lazy\" decoding=\"async\" src=\"https:\/\/www.europesays.com\/de\/wp-content\/uploads\/2026\/08\/630_0900_6668899_-640x428.jpg\" width=\"640\" height=\"428\"  alt=\"Michael Riedm\u00fcller bei der Schalker-Mitgliederversammlung.\"\/><\/p>\n<p>    <\/a><br \/>\n    Michael Riedm\u00fcller hat seinen R\u00fccktritt beim Schalker Fanclub-Verband erkl\u00e4rt. \u00a9 KROEGER\/RHR-FOTO<\/p>\n<p class=\"article__teaser-text\">Im Schalker Fanclub-Verband hat ein R\u00fccktritt neue Unruhe ausgel\u00f6st. Der Pottcast ordnet ein \u2013 und schaut daneben auf Trainingslager, Schalke-Tach und Finanzen.<\/p>\n<p>2 Min Lesezeit<\/p>\n<p>Der \u201eSchalke-Pottcast\u201c ist zur\u00fcck \u2013 und setzt in der neuen Folge einen klaren Schwerpunkt dort, wo es aktuell besonders sensibel ist: beim Schalker Fanclub-Verband (SFCV). <a href=\"https:\/\/www.recklinghaeuser-zeitung.de\/schalke-04\/schalke-04-streit-sfcv-vorstand-ultras-riedmueller-ruecktritt-w1231376-6001362738\/\" rel=\"nofollow noopener\" target=\"_blank\">Nach einem R\u00fccktritt im Umfeld des Dachverbands stellen sich Fragen, die weit \u00fcber Personalien hinausgehen.<\/a> Es geht um Repr\u00e4sentation, Kommunikation \u2013 und darum, wie Schalke sich als Vereinsfamilie organisiert. Warum das f\u00fcr Fans relevant ist? Weil der Fanclub-Verband auf Schalke traditionell eine Schnittstelle zwischen Basis, Gremien und Klub ist. Wenn es dort knirscht, bleibt das selten folgenlos.<\/p>\n<p>R\u00fccktritt, Missstimmung, Au\u00dfenwirkung: Was ist beim SFCV los?<\/p>\n<p>Die Schalke Reporter Frank Leszinski und Ren\u00e9 Preu\u00df sprechen im Podcast \u00fcber die Hintergr\u00fcnde des R\u00fccktritts, die Stimmung innerhalb des Verbands und die Kritik an der Au\u00dfendarstellung. Dabei wird klar: Im SFCV geht es nicht nur um interne Abl\u00e4ufe, sondern auch um Sichtbarkeit und Vertrauen \u2013 und um die Frage, wie der Verband seine Arbeit nach au\u00dfen erkl\u00e4rt, gerade in Zeiten, in denen andere Fangruppierungen sehr pr\u00e4sent sind. Welche Konfliktlinien eine Rolle spielen und welche Folgen das f\u00fcr die kommenden Monate haben k\u00f6nnte, wird in der Folge angerissen \u2013 ohne vorschnelle Schlussfolgerungen.<\/p>\n<\/p>\n<p>Dazu liefert Kurvenreporterin Christin Gehrendes-Becker (\u201eTine\u201c) Eindr\u00fccke aus dem Sommertrainingslager in \u00d6sterreich: Fan-N\u00e4he, \u201eFamilientreffen\u201c-Atmosph\u00e4re, organisierte Angebote \u2013 aber auch ein Abend, an dem die Stimmung kippte, als Wetter und Ablauf bei der \u201eblau-wei\u00dfen Nacht\u201c alles komplizierter machten als geplant. Auch der Schalke-Tag kommt vor: \u00fcber 100.000 Menschen, neue Abl\u00e4ufe, lange Schlangen \u2013 und die Beobachtung, dass Organisation und Wording nicht \u00fcberall deckungsgleich waren.<\/p>\n<p>Abgerundet wird die Folge mit dem Blick auf die finanzielle Lage: Trikot- und Ticket-Hype auf der einen Seite, klare Aussagen zur weiterhin angespannten Situation auf der anderen. Und damit verbunden die Frage, ob Schalke im laufenden Transferfenster noch handeln muss \u2013 m\u00f6glicherweise auch schmerzhaft.<\/p>\n","protected":false},"excerpt":{"rendered":"Michael Riedm\u00fcller hat seinen R\u00fccktritt beim Schalker Fanclub-Verband erkl\u00e4rt. \u00a9 KROEGER\/RHR-FOTO Im Schalker Fanclub-Verband hat ein R\u00fccktritt neue&hellip;\n","protected":false},"author":2,"featured_media":1230950,"comment_status":"","ping_status":"","sticky":false,"template":"","format":"standard","meta":{"footnotes":"","_share_on_mastodon":"0"},"categories":[1839],"tags":[7507,3364,29,30,1209,23396,16870],"class_list":["post-1230949","post","type-post","status-publish","format-standard","has-post-thumbnail","category-bochum","tag-bochum","tag-de","tag-deutschland","tag-germany","tag-nordrhein-westfalen","tag-schalke","tag-schalke-04"],"share_on_mastodon":{"url":"https:\/\/pubeurope.com\/@de\/117080973045150725","error":""},"_links":{"self":[{"href":"https:\/\/www.europesays.com\/de\/wp-json\/wp\/v2\/posts\/1230949","targetHints":{"allow":["GET"]}}],"collection":[{"href":"https:\/\/www.europesays.com\/de\/wp-json\/wp\/v2\/posts"}],"about":[{"href":"https:\/\/www.europesays.com\/de\/wp-json\/wp\/v2\/types\/post"}],"author":[{"embeddable":true,"href":"https:\/\/www.europesays.com\/de\/wp-json\/wp\/v2\/users\/2"}],"replies":[{"embeddable":true,"href":"https:\/\/www.europesays.com\/de\/wp-json\/wp\/v2\/comments?post=1230949"}],"version-history":[{"count":0,"href":"https:\/\/www.europesays.com\/de\/wp-json\/wp\/v2\/posts\/1230949\/revisions"}],"wp:featuredmedia":[{"embeddable":true,"href":"https:\/\/www.europesays.com\/de\/wp-json\/wp\/v2\/media\/1230950"}],"wp:attachment":[{"href":"https:\/\/www.europesays.com\/de\/wp-json\/wp\/v2\/media?parent=1230949"}],"wp:term":[{"taxonomy":"category","embeddable":true,"href":"https:\/\/www.europesays.com\/de\/wp-json\/wp\/v2\/categories?post=1230949"},{"taxonomy":"post_tag","embeddable":true,"href":"https:\/\/www.europesays.com\/de\/wp-json\/wp\/v2\/tags?post=1230949"}],"curies":[{"name":"wp","href":"https:\/\/api.w.org\/{rel}","templated":true}]}}