{"id":1231054,"date":"2026-08-12T07:02:16","date_gmt":"2026-08-12T07:02:16","guid":{"rendered":"https:\/\/www.europesays.com\/de\/1231054\/"},"modified":"2026-08-12T07:02:16","modified_gmt":"2026-08-12T07:02:16","slug":"hitze-wetter-in-deutschland-wann-die-polarluft-den-heissen-sommer-beendet","status":"publish","type":"post","link":"https:\/\/www.europesays.com\/de\/1231054\/","title":{"rendered":"Hitze-Wetter in Deutschland: Wann die Polarluft den hei\u00dfen Sommer beendet"},"content":{"rendered":"<ul class=\"text-18 leading-17 block pl-24 *:pb-16 *:before:inline-block *:before:size-8 *:before:bg-magenta *:before:mt-0 *:before:mr-12 *:before:mb-2 *:before:-ml-[20px]\">\n<li><strong class=\"font-bold\">&#8222;Auf das absolut Notwendigste&#8220; reduzieren:<\/strong> <a href=\"https:\/\/www.t-online.de\/nachrichten\/panorama\/gesellschaft\/id_101383324\/waldbrand-in-hessen-menschen-sollen-nicht-mehr-duschen-und-baden.html\" class=\"transition-colors cursor-pointer no-underline md:hover:text-magenta md:focus:text-magenta border-b border-solid border-current text-salemsfur md:hover:border-magenta\" data-tracking=\"{&quot;action&quot;:&quot;click&quot;,&quot;category&quot;:&quot;intextLink&quot;,&quot;label&quot;:&quot;\/nachrichten\/panorama\/gesellschaft\/id_101383324\/waldbrand-in-hessen-menschen-sollen-nicht-mehr-duschen-und-baden.html&quot;}\" data-sctrack=\"BodyAnchor\" rel=\"nofollow noopener\" target=\"_blank\">Zehntausende sollen nicht duschen \u2013 Folgen des Hitze-Wetters in Deutschland<\/a><\/li>\n<\/ul>\n<p>Hitze kehrt nach Wetterprognosen noch einmal zur\u00fcck<\/p>\n<p class=\"text-18 leading-17 user-text-lg:text-22 user-text-xl:text-24\">Ob der Wetterwechsel tats\u00e4chlich das endg\u00fcltige Ende des Hochsommers bedeutet, ist noch nicht entschieden. Die verschiedenen Modelll\u00e4ufe zeigen zwar \u00fcbereinstimmend, dass die derzeit stabile Hochdrucklage ab Mitte August unter Druck ger\u00e4t. Wie es danach weitergeht, berechnen sie jedoch unterschiedlich.<\/p>\n<p class=\"text-18 leading-17 user-text-lg:text-22 user-text-xl:text-24\">Nach einer Variante des europ\u00e4ischen Wettermodells baut sich mit Beginn der letzten zehn Tage des August erneut ein Hoch \u00fcber Mitteleuropa auf. Zwischen dem 22. und 24. August k\u00f6nnten die Temperaturen wieder auf 27 bis 32 Grad steigen, \u00f6rtlich werden bis zu 35 Grad berechnet.<\/p>\n<p>Im Video | &#8222;Extrem belastend&#8220;: Meteorologin warnt vor Hitze<\/p>\n<p><img loading=\"lazy\" src=\"https:\/\/www.t-online.de\/s\/paper\/_next\/static\/media\/loading-indicator-magenta.1f35d8de.svg\" alt=\"Video l\u00e4dt\" title=\"Video l\u00e4dt\" class=\"block h-[calc(var(--height)_\/_16_*_1rem)] w-[calc(var(--width)_\/_16_*_1rem)] max-w-none undefined\" style=\"--width:32;--height:32\" decoding=\"async\"\/>Player wird geladenQuelle: Wetter.com<\/p>\n<p>Der Sommer endet in Sch\u00fcben<\/p>\n<p class=\"text-18 leading-17 user-text-lg:text-22 user-text-xl:text-24\">Auch das amerikanische Wettermodell (GFS) l\u00e4sst den Hochsommer nicht auf einen Schlag enden. Nach dessen Wetterprognose kann sich die aktuelle Hitzewelle \u00fcber Mitteleuropa etwas l\u00e4nger behaupten. Bis zum 20. August sind demnach 28 bis 34 Grad m\u00f6glich, phasenweise sogar bis zu 39 Grad.<\/p>\n<p class=\"text-18 leading-17 user-text-lg:text-22 user-text-xl:text-24\">Anschlie\u00dfend k\u00f6nnten frischere Luftmassen vom Atlantik die Temperaturen deutlich nach unten dr\u00fccken. Doch auch hier deutet sich um den 23. August noch einmal ein kurzer Anstieg auf 28 bis 34 Grad an, bevor die Werte erneut auf 20 bis 25 Grad zur\u00fcckgehen. Bei Regen werden \u00f6rtlich sogar nur 14 Grad berechnet. Statt eines abrupten Endes zeichnet sich damit in dieser Variante ein Wechsel zwischen hei\u00dfen und deutlich frischeren Phasen ab.<\/p>\n<p>&#8222;Bis dahin bleibt uns die Hitze erhalten&#8220;<\/p>\n<p class=\"text-18 leading-17 user-text-lg:text-22 user-text-xl:text-24\">Der Meteorologe Jung fasst die Wetterprognosen zusammen: &#8222;Die Kontrolll\u00e4ufe des ECMWF und auch das europ\u00e4ische KI-Modell st\u00fctzen ein Ende der Hitze ab Mitte August, ebenso die Stratosph\u00e4renmodelle, die auf eine Umstellung Richtung Fr\u00fchherbst deuten. Das amerikanische Lager h\u00e4lt dagegen l\u00e4nger an der Hitze fest.&#8220; Bei der Temperatur seien sich die Modelle im Grundton aber einig: zu warm, mit einer Abweichung um zwei bis drei Grad \u00fcber dem langj\u00e4hrigen Mittel.<\/p>\n<p class=\"text-18 leading-17 user-text-lg:text-22 user-text-xl:text-24\">Unterm Strich: &#8222;Der meteorologische Sommer endet am 31. August. Bis dahin bleibt uns die Hitze zumindest zeitweise erhalten, ein m\u00f6glicher Wetterwechsel ab Mitte des Monats ist die spannendste Frage \u2013 und selbst wenn er kommt, l\u00f6st er die D\u00fcrre nicht auf, sondern lindert sie bestenfalls oberfl\u00e4chlich&#8220;, so die Prognose von Jung.<\/p>\n","protected":false},"excerpt":{"rendered":"&#8222;Auf das absolut Notwendigste&#8220; reduzieren: Zehntausende sollen nicht duschen \u2013 Folgen des Hitze-Wetters in Deutschland Hitze kehrt nach&hellip;\n","protected":false},"author":2,"featured_media":1231055,"comment_status":"","ping_status":"","sticky":false,"template":"","format":"standard","meta":{"footnotes":"","_share_on_mastodon":"0"},"categories":[2],"tags":[1434,10072,772,29,20480,663,30,452,230516,13,45286,18113,53,14,15,64253,140034,12,226,6848,4888,10,8,9,11,2257,51242],"class_list":["post-1231054","post","type-post","status-publish","format-standard","has-post-thumbnail","category-deutschland","tag-1434","tag-atlantik","tag-bayern","tag-deutschland","tag-dominik-jung","tag-europa","tag-germany","tag-groenland","tag-grosswetterlage","tag-headlines","tag-hitzesommer","tag-hitzewelle","tag-kanada","tag-nachrichten","tag-news","tag-nordatlantik","tag-nordpol","tag-schlagzeilen","tag-t-online","tag-temperatur","tag-temperatursturz","tag-top-news","tag-top-meldungen","tag-topmeldungen","tag-topnews","tag-wetterlage","tag-wettermodell"],"share_on_mastodon":{"url":"https:\/\/pubeurope.com\/@de\/117081261954637608","error":""},"_links":{"self":[{"href":"https:\/\/www.europesays.com\/de\/wp-json\/wp\/v2\/posts\/1231054","targetHints":{"allow":["GET"]}}],"collection":[{"href":"https:\/\/www.europesays.com\/de\/wp-json\/wp\/v2\/posts"}],"about":[{"href":"https:\/\/www.europesays.com\/de\/wp-json\/wp\/v2\/types\/post"}],"author":[{"embeddable":true,"href":"https:\/\/www.europesays.com\/de\/wp-json\/wp\/v2\/users\/2"}],"replies":[{"embeddable":true,"href":"https:\/\/www.europesays.com\/de\/wp-json\/wp\/v2\/comments?post=1231054"}],"version-history":[{"count":0,"href":"https:\/\/www.europesays.com\/de\/wp-json\/wp\/v2\/posts\/1231054\/revisions"}],"wp:featuredmedia":[{"embeddable":true,"href":"https:\/\/www.europesays.com\/de\/wp-json\/wp\/v2\/media\/1231055"}],"wp:attachment":[{"href":"https:\/\/www.europesays.com\/de\/wp-json\/wp\/v2\/media?parent=1231054"}],"wp:term":[{"taxonomy":"category","embeddable":true,"href":"https:\/\/www.europesays.com\/de\/wp-json\/wp\/v2\/categories?post=1231054"},{"taxonomy":"post_tag","embeddable":true,"href":"https:\/\/www.europesays.com\/de\/wp-json\/wp\/v2\/tags?post=1231054"}],"curies":[{"name":"wp","href":"https:\/\/api.w.org\/{rel}","templated":true}]}}