{"id":123107,"date":"2025-05-19T15:00:09","date_gmt":"2025-05-19T15:00:09","guid":{"rendered":"https:\/\/www.europesays.com\/de\/123107\/"},"modified":"2025-05-19T15:00:09","modified_gmt":"2025-05-19T15:00:09","slug":"streit-um-laermende-kinder-staatsanwalt-laesst-messer-mann-von-halle-wieder-frei-regional","status":"publish","type":"post","link":"https:\/\/www.europesays.com\/de\/123107\/","title":{"rendered":"Streit um l\u00e4rmende Kinder: Staatsanwalt l\u00e4sst Messer-Mann von Halle wieder frei | Regional"},"content":{"rendered":"<p><b>Nach dem Angriff auf drei Menschen vor einem Wohnhaus in Halle (Saale) ist der festgenommene Tatverd\u00e4chtige wieder auf freiem Fu\u00df. <\/b><\/p>\n<p>Wie die Staatsanwaltschaft Halle mitteilte, wurde der 46-J\u00e4hrige am Montagnachmittag aus dem Gewahrsam entlassen. \u201eEs besteht nach dem Ergebnis der bisherigen Ermittlungen kein dringender Tatverdacht f\u00fcr einen Versuch des T\u00f6tungsdelikts mehr\u201c, sagte ein Sprecher. Die Entscheidung fiel nach einer umfassenden Vernehmung des Beschuldigten, einiger Beteiligten und Zeugen.<\/p>\n<p><b>Bei dem Vorfall am fr\u00fchen Sonntagabend wurden ein 29-J\u00e4hriger schwer und ein elfj\u00e4hriges M\u00e4dchen sowie ein 47-J\u00e4hriger leicht verletzt. Alle drei wurden in Krankenh\u00e4user gebracht. Die Opfer wiesen laut Polizei teils Schnitt- und Stichverletzungen auf. Nach Angaben der Ermittler handelt es sich bei den Verletzten um Mitglieder einer syrischen Familie. Der 29-J\u00e4hrige sei inzwischen au\u00dfer Lebensgefahr.<\/b><\/p>\n<p>Kinderl\u00e4rm als Ausl\u00f6ser<\/p>\n<p>Nach bisherigen Erkenntnissen begann die Auseinandersetzung mit einem Streit \u00fcber Kinderl\u00e4rm, der in eine k\u00f6rperliche Auseinandersetzung eskalierte. Wer diese begonnen habe und in welcher Form, sei weiterhin unklar. Der Tatverd\u00e4chtige aus dem Kosovo habe im Verh\u00f6r erkl\u00e4rt, er sei bedr\u00e4ngt worden. Laut Staatsanwaltschaft habe er sich kooperativ verhalten, keinen Widerstand geleistet und selbst die Rettungskr\u00e4fte alarmiert.<\/p>\n<p>Die Polizei hat den Angaben zufolge ein Messer als mutma\u00dfliche Tatwaffe sichergestellt. Es soll vom Tatverd\u00e4chtigen eingesetzt worden sein. Die Ermittlungen wegen des Verdachts der gef\u00e4hrlichen K\u00f6rperverletzung dauern an.<\/p>\n<p>Ermittlungen k\u00f6nnten eine Weile dauern<\/p>\n<p>Insgesamt will die Polizei nun eine zweistellige Zahl an Zeugen befragen. Mit einem Abschluss der Ermittlungen sei nicht vor mehreren Wochen zu rechnen, so die Staatsanwaltschaft. Ein Haftantrag sei nicht gestellt worden, da weder Flucht- noch Wiederholungsgefahr bestehe. Der Mann lebe seit vielen Jahren mit Aufenthaltserlaubnis in Deutschland und sei sozial sowie beruflich fest eingebunden.<\/p>\n<p>Mehr gleich bei BILD.<\/p>\n","protected":false},"excerpt":{"rendered":"Nach dem Angriff auf drei Menschen vor einem Wohnhaus in Halle (Saale) ist der festgenommene Tatverd\u00e4chtige wieder auf&hellip;\n","protected":false},"author":2,"featured_media":123108,"comment_status":"","ping_status":"","sticky":false,"template":"","format":"standard","meta":{"footnotes":""},"categories":[1860],"tags":[1737,3364,1738,29,548,663,3934,1736,30,4062,17332,13,14,15,17331,860,12,45],"class_list":{"0":"post-123107","1":"post","2":"type-post","3":"status-publish","4":"format-standard","5":"has-post-thumbnail","7":"category-halle-saale","8":"tag-breaking-news","9":"tag-de","10":"tag-desk-delta","11":"tag-deutschland","12":"tag-eu","13":"tag-europa","14":"tag-europe","15":"tag-fb-instantarticles","16":"tag-germany","17":"tag-halle","18":"tag-halle-saale","19":"tag-headlines","20":"tag-nachrichten","21":"tag-news","22":"tag-saale","23":"tag-sachsen-anhalt","24":"tag-schlagzeilen","25":"tag-texttospeech"},"share_on_mastodon":{"url":"https:\/\/pubeurope.com\/@de\/114535099586607027","error":""},"_links":{"self":[{"href":"https:\/\/www.europesays.com\/de\/wp-json\/wp\/v2\/posts\/123107","targetHints":{"allow":["GET"]}}],"collection":[{"href":"https:\/\/www.europesays.com\/de\/wp-json\/wp\/v2\/posts"}],"about":[{"href":"https:\/\/www.europesays.com\/de\/wp-json\/wp\/v2\/types\/post"}],"author":[{"embeddable":true,"href":"https:\/\/www.europesays.com\/de\/wp-json\/wp\/v2\/users\/2"}],"replies":[{"embeddable":true,"href":"https:\/\/www.europesays.com\/de\/wp-json\/wp\/v2\/comments?post=123107"}],"version-history":[{"count":0,"href":"https:\/\/www.europesays.com\/de\/wp-json\/wp\/v2\/posts\/123107\/revisions"}],"wp:featuredmedia":[{"embeddable":true,"href":"https:\/\/www.europesays.com\/de\/wp-json\/wp\/v2\/media\/123108"}],"wp:attachment":[{"href":"https:\/\/www.europesays.com\/de\/wp-json\/wp\/v2\/media?parent=123107"}],"wp:term":[{"taxonomy":"category","embeddable":true,"href":"https:\/\/www.europesays.com\/de\/wp-json\/wp\/v2\/categories?post=123107"},{"taxonomy":"post_tag","embeddable":true,"href":"https:\/\/www.europesays.com\/de\/wp-json\/wp\/v2\/tags?post=123107"}],"curies":[{"name":"wp","href":"https:\/\/api.w.org\/{rel}","templated":true}]}}