{"id":1231104,"date":"2026-08-12T07:46:14","date_gmt":"2026-08-12T07:46:14","guid":{"rendered":"https:\/\/www.europesays.com\/de\/1231104\/"},"modified":"2026-08-12T07:46:14","modified_gmt":"2026-08-12T07:46:14","slug":"trump-stellt-sich-hinter-infantino-und-warnt-fifa-vor-schrecklichem-fehler","status":"publish","type":"post","link":"https:\/\/www.europesays.com\/de\/1231104\/","title":{"rendered":"Trump stellt sich hinter Infantino und warnt FIFA vor \u201eschrecklichem Fehler\u201c"},"content":{"rendered":"<p>US-Pr\u00e4sident mischt sich einTrump warnt FIFA vor &#8222;schrecklichem Fehler&#8220; wegen Infantino<\/p>\n<p>Artikel anh\u00f6ren (03:04 min)<\/p>\n<p>12.08.2026 | 09:19 Uhr (aktualisiert)<\/p>\n<p>FIFA-Pr\u00e4sident Infantino steht massiv unter Druck. In h\u00f6chster Not springt ihm nun sein guter Freund Donald Trump bei &#8211; und warnt den Fu\u00dfball-Weltverband vor einem &#8222;schrecklichen Fehler&#8220;.<\/p>\n<p class=\"Typography_text-default__P3otY Typography_weight-normal__pqUbH StorylineParagraph_p__4mkZU\">Der stark in der Kritik stehende FIFA-Pr\u00e4sident Gianni Infantino erh\u00e4lt trotz seines umstrittenen Investorenplans R\u00fcckendeckung aus dem Wei\u00dfen Haus. US-Pr\u00e4sident Donald Trump schrieb in einer kurzen Stellungnahme auf seiner Plattform Truth Social, der Fu\u00dfball-Weltverband w\u00fcrde einen schrecklichen Fehler begehen, wenn er aus irgendeinem Grund auch nur erw\u00e4gen sollte, Infantino abzul\u00f6sen.<\/p>\n<p class=\"Typography_text-default__P3otY Typography_weight-normal__pqUbH StorylineParagraph_p__4mkZU\">Trump schw\u00e4rmte in h\u00f6chsten T\u00f6nen von dem Mann, der ihm 2025 den FIFA-Friedenspreis verliehen hatte: &#8222;Er ist fantastisch und hat gerade die erfolgreichste Weltmeisterschaft aller Zeiten geleitet&#8220;, schrieb er weiter. Wenn Infantino nicht mehr da w\u00e4re, w\u00fcrde es &#8222;nie wieder solch eine erfolgreiche oder profitable WM geben&#8220;.<\/p>\n<p class=\"Typography_text-default__P3otY Typography_weight-normal__pqUbH StorylineParagraph_p__4mkZU\">Zuletzt hatte es Berichte gegeben, Infantino habe wegen seines gescheiterten Investorenplans Unterst\u00fctzung im Wei\u00dfen Haus gesucht. Die FIFA wies Berichte \u00fcber Anrufe bei Trump oder anderen Regierungsmitgliedern jedoch als &#8222;frei erfunden&#8220; zur\u00fcck. Auch Trump selbst sagte, er habe mit Infantino dar\u00fcber nicht gesprochen.<\/p>\n<p>Drei Verb\u00e4nde verschicken Brandbrief<\/p>\n<p class=\"Typography_text-default__P3otY Typography_weight-normal__pqUbH StorylineParagraph_p__4mkZU\">Der FIFA-Boss steht wegen seiner bisherigen Amtsf\u00fchrung und umstrittenen Zukunftspl\u00e4nen in der Kritik &#8211; es gibt einige R\u00fccktrittsforderungen. Infantino wollte Rechte an den Turnieren des Weltverbandes an private Investoren verkaufen und damit Milliarden erl\u00f6sen. Technologieinvestor Joshua Kushner, dessen Bruder Jared mit Trumps Tochter Ivanka verheiratet ist, h\u00e4tte \u00fcber seine Investmentfirma eine Schl\u00fcsselrolle \u00fcbernehmen sollen.<\/p>\n<p class=\"Typography_text-default__P3otY Typography_weight-normal__pqUbH StorylineParagraph_p__4mkZU\">Angesichts der riesigen Emp\u00f6rung musste Infantino sein Vorhaben wieder begraben. Der offen entbrannte Machtkampf im Fu\u00dfball hat alle Kontinentalverb\u00e4nde erfasst. Am Montag wandten sich die Dachverb\u00e4nde Europas (UEFA), Asiens (AFC), Nord- und Mittelamerikas sowie der Karibik (Concacaf) in einem offenen Brief gemeinsam an die \u00d6ffentlichkeit. Sie bekr\u00e4ftigten ihre Kritik an Infantino, warfen ihm T\u00e4uschung vor und fordern weiter einen Neuanfang an der Spitze des Weltverbandes.<\/p>\n<p>Gro\u00dfartige Freunde schmeicheln einander<\/p>\n<p class=\"Typography_text-default__P3otY Typography_weight-normal__pqUbH StorylineParagraph_p__4mkZU\">Infantino hat Trump in der Vergangenheit mehrmals als &#8222;gro\u00dfartigen Freund&#8220; bezeichnet. Unter seiner \u00c4gide vergab die FIFA die WM-Endrunde 2026 an die USA, Kanada und Mexiko. Infantino und Trump traten mehrfach gemeinsam auf, unter anderem bei der Siegerehrung nach dem Finale der WM 2026. Anfang 2025 war der Schweizer auch dabei gewesen, als der ehemalige Gesch\u00e4ftsmann Trump zum zweiten Mal ins Amt des US-Pr\u00e4sidenten eingef\u00fchrt wurde.<\/p>\n<p class=\"Typography_text-default__P3otY Typography_weight-normal__pqUbH StorylineParagraph_p__4mkZU\">Infantino verlieh Trump Ende 2025 au\u00dferdem einen neu erfundenen FIFA-Friedenspreis, den irritierte Kritiker sofort als ma\u00dfgeschneiderte Gef\u00e4lligkeit f\u00fcr den US-Pr\u00e4sidenten einstuften. Einem unbest\u00e4tigten Bericht der &#8222;New York Post&#8220; zufolge wollte sich Trump revanchieren, indem er Infantino angeblich f\u00fcr das Amt des k\u00fcnftigen UN-Generalsekret\u00e4rs ins Rennen schicken wollte.<\/p>\n<p>Verwendete Quellen: ntv.de, tno\/dpa<\/p>\n","protected":false},"excerpt":{"rendered":"US-Pr\u00e4sident mischt sich einTrump warnt FIFA vor &#8222;schrecklichem Fehler&#8220; wegen Infantino Artikel anh\u00f6ren (03:04 min) 12.08.2026 | 09:19&hellip;\n","protected":false},"author":2,"featured_media":1231105,"comment_status":"","ping_status":"","sticky":false,"template":"","format":"standard","meta":{"footnotes":"","_share_on_mastodon":"0"},"categories":[5],"tags":[331,332,3364,29,106,5695,347,38029,30,5696,13,14,15,12,1681],"class_list":["post-1231104","post","type-post","status-publish","format-standard","has-post-thumbnail","category-nachrichten","tag-aktuelle-nachrichten","tag-aktuelle-news","tag-de","tag-deutschland","tag-donald-trump","tag-fifa","tag-fussball","tag-fussball-wm-2026","tag-germany","tag-gianni-infantino","tag-headlines","tag-nachrichten","tag-news","tag-schlagzeilen","tag-uefa"],"share_on_mastodon":{"url":"https:\/\/pubeurope.com\/@de\/117081433497848199","error":""},"_links":{"self":[{"href":"https:\/\/www.europesays.com\/de\/wp-json\/wp\/v2\/posts\/1231104","targetHints":{"allow":["GET"]}}],"collection":[{"href":"https:\/\/www.europesays.com\/de\/wp-json\/wp\/v2\/posts"}],"about":[{"href":"https:\/\/www.europesays.com\/de\/wp-json\/wp\/v2\/types\/post"}],"author":[{"embeddable":true,"href":"https:\/\/www.europesays.com\/de\/wp-json\/wp\/v2\/users\/2"}],"replies":[{"embeddable":true,"href":"https:\/\/www.europesays.com\/de\/wp-json\/wp\/v2\/comments?post=1231104"}],"version-history":[{"count":0,"href":"https:\/\/www.europesays.com\/de\/wp-json\/wp\/v2\/posts\/1231104\/revisions"}],"wp:featuredmedia":[{"embeddable":true,"href":"https:\/\/www.europesays.com\/de\/wp-json\/wp\/v2\/media\/1231105"}],"wp:attachment":[{"href":"https:\/\/www.europesays.com\/de\/wp-json\/wp\/v2\/media?parent=1231104"}],"wp:term":[{"taxonomy":"category","embeddable":true,"href":"https:\/\/www.europesays.com\/de\/wp-json\/wp\/v2\/categories?post=1231104"},{"taxonomy":"post_tag","embeddable":true,"href":"https:\/\/www.europesays.com\/de\/wp-json\/wp\/v2\/tags?post=1231104"}],"curies":[{"name":"wp","href":"https:\/\/api.w.org\/{rel}","templated":true}]}}