{"id":1231126,"date":"2026-08-12T07:58:29","date_gmt":"2026-08-12T07:58:29","guid":{"rendered":"https:\/\/www.europesays.com\/de\/1231126\/"},"modified":"2026-08-12T07:58:29","modified_gmt":"2026-08-12T07:58:29","slug":"fw-dresden-informationen-zum-einsatzgeschehen-von-feuerwehr-und-rettungsdienst-in-der-20","status":"publish","type":"post","link":"https:\/\/www.europesays.com\/de\/1231126\/","title":{"rendered":"FW Dresden: Informationen zum Einsatzgeschehen von Feuerwehr und Rettungsdienst in der &#8230;"},"content":{"rendered":"<p class=\"date\">12.08.2026 \u2013 09:02<\/p>\n<p class=\"customer\">\n                        <a class=\"story-customer\" title=\"weiter zum newsroom von Feuerwehr Dresden\" href=\"https:\/\/www.presseportal.de\/blaulicht\/nr\/154636\" rel=\"nofollow noopener\" target=\"_blank\">Feuerwehr Dresden<\/a>\n                    <\/p>\n<p><a class=\"glightbox event-trigger\" href=\"https:\/\/cache.pressmailing.net\/thumbnail\/story_hires\/095dca8e-49f1-4579-81d0-65624c70a547\/rh26081101rh0025.jpg.jpg\" data-description=\"\u00a9 Roland Halkasch R\u00fcstwagen Kran hebt einen gro\u00dfen Baum und Feuerwehrleute in Schutzkleidung\" data-category=\"medialightbox\" data-action=\"click\" data-label=\"single\" data-value=\"6a7c1a80270000fd2c93f710\" rel=\"nofollow noopener\" target=\"_blank\"><img decoding=\"async\" height=\"540\" with=\"720\" src=\"https:\/\/www.europesays.com\/de\/wp-content\/uploads\/2026\/08\/1786521509_58_fw-dresden-informationen-zum-einsatzgeschehen-von-feuerwehr-und-rettungsdienst-in-der-landeshauptsta.jpeg\"   alt=\"FW Dresden: Informationen zum Einsatzgeschehen von Feuerwehr und Rettungsdienst in der Landeshauptstadt Dresden vom 11. August 2026\" class=\"single\"\/><\/a><\/p>\n<p><a data-category=\"citylink-story-view\" data-action=\"click\" data-label=\"Citylink in Meldungsansicht\" class=\"story-city event-trigger\" href=\"https:\/\/www.presseportal.de\/regional\/Dresden\" title=\"News aus Dresden \" rel=\"nofollow noopener\" target=\"_blank\">Dresden<\/a> (ots)<\/p>\n<p>Rettungsdienst<\/p>\n<p>In den vergangenen 24 Stunden wurde der Rettungsdienst der Landeshauptstadt Dresden insgesamt 217-mal alarmiert. In 65 F\u00e4llen war der Einsatz eines Notarztes erforderlich. Dar\u00fcber hinaus wurden 162 qualifizierte Krankentransporte durchgef\u00fchrt. Der Rettungshubschrauber kam viermal im Leitstellenbereich zum Einsatz.<\/p>\n<p>Feuerwehr<\/p>\n<p>Die Feuerwehr Dresden verzeichnete im Berichtszeitraum insgesamt 25 Eins\u00e4tze. Neben acht Brandeins\u00e4tzen und drei Alarmierungen durch automatische Brandmeldeanlagen r\u00fcckten die Einsatzkr\u00e4fte zu 14 Hilfeleistungseins\u00e4tzen aus.<\/p>\n<p>B\u00e4ume k\u00f6nnen zur Gefahr werden &#8211; Feuerwehr Dresden warnt vor untersch\u00e4tzten Risiken<\/p>\n<p>B\u00e4ume sind ein wichtiger Bestandteil des Dresdner Stadtbildes. Gleichzeitig k\u00f6nnen Umwelteinfl\u00fcsse, mangelnde Pflege, Krankheiten oder \u00e4u\u00dfere Einwirkungen ihre Stand- und Bruchsicherheit beeintr\u00e4chtigen. \u00c4ste k\u00f6nnen abbrechen oder ganze B\u00e4ume umst\u00fcrzen und dadurch Menschen und Sachwerte gef\u00e4hrden.<br \/>\nWie schnell daraus erhebliche Sch\u00e4den entstehen k\u00f6nnen, zeigte ein Einsatz der Feuerwehr am Dienstag auf der Wiesbadener Stra\u00dfe. Dort war ein gro\u00dfer Kastanienbaum auf zwei geparkte Pkw gest\u00fcrzt. Beide Fahrzeuge wurden erheblich besch\u00e4digt, auch ein Grundst\u00fcckszaun wurde in Mitleidenschaft gezogen. Personen kamen nicht zu Schaden.<br \/>\nAuch die Einsatzstatistik verdeutlicht, dass B\u00e4ume regelm\u00e4\u00dfig Anlass f\u00fcr Feuerwehreins\u00e4tze sind. Im Juni wurden 41 Eins\u00e4tze, im Juli 25 Eins\u00e4tze und im August bis heute bereits neun Eins\u00e4tze im Zusammenhang mit B\u00e4umen registriert.<br \/>\nNicht immer sind Sch\u00e4den an einem Baum von au\u00dfen erkennbar. Insbesondere Trockenheit, Sturm, Starkregen, Krankheiten oder Sch\u00e4den im Wurzelbereich k\u00f6nnen die Stabilit\u00e4t beeintr\u00e4chtigen. Eine regelm\u00e4\u00dfige fachgerechte Kontrolle und Pflege kann dazu beitragen, Gefahren fr\u00fchzeitig zu erkennen.<br \/>\nDie Feuerwehr Dresden bittet B\u00fcrgerinnen und B\u00fcrger, besch\u00e4digte oder auff\u00e4llig geneigte B\u00e4ume sowie Bereiche mit herabgebrochenen \u00c4sten m\u00f6glichst zu meiden. Bei einer unmittelbaren Gefahr f\u00fcr Menschen oder Sachwerte ist die Feuerwehr \u00fcber den Notruf 112 zu verst\u00e4ndigen.<\/p>\n<p>Baum auf Fahrbahn, Fahrzeuge besch\u00e4digt<\/p>\n<p>Zeit: 11. August 2026, 12:42 &#8211; 16:25<\/p>\n<p>Ort: Wiesbadener Stra\u00dfe, L\u00f6btau-S\u00fcd<\/p>\n<p>Am Dienstag wurde die Feuerwehr zu einem umgest\u00fcrzten Kastanienbaum auf der Wiesbadener Stra\u00dfe alarmiert. Der Baum lag quer \u00fcber Fahrbahn und Gehweg und war auf zwei geparkte Pkw (Audi und Renault) gest\u00fcrzt. Der Hauptstamm hatte einen Durchmesser von etwa einem Meter.<br \/>\nDie Einsatzstelle wurde abgesichert und der Baum mithilfe eines R\u00fcstwagens mit Kran teilweise umgesetzt. Anschlie\u00dfend wurden die besch\u00e4digten Fahrzeuge und der Gehweg von \u00c4sten und weiteren Baumteilen befreit.<br \/>\nAuf dem Grundst\u00fcck, von dem der Baum in den \u00f6ffentlichen Verkehrsraum gest\u00fcrzt war, befanden sich zwei weitere B\u00e4ume. Da von diesen ebenfalls eine m\u00f6gliche Gefahr ausging, wurde ein Baumserviceunternehmen zur Begutachtung hinzugezogen. Die weiteren erforderlichen Arbeiten wurden durch das Fachunternehmen \u00fcbernommen.<br \/>\nAufgrund der Gefahrenlage blieb die Wiesbadener Stra\u00dfe bis zur vollst\u00e4ndigen Beseitigung der Gefahren f\u00fcr den Verkehr gesperrt.<br \/>\nIn dem Einsatz befanden sich 10 Einsatzkr\u00e4fte der Feuer- und Rettungswachen L\u00f6btau und Albertstadt.<\/p>\n<p class=\"contact-headline\">R\u00fcckfragen bitte an:<\/p>\n<p class=\"contact-text\">Feuerwehr Dresden<br \/>Pressestelle Feuerwehr Dresden<br \/>Pierre Steffen Bedrich<br \/>Telefon: 0351\/8155-297<br \/>Mobil: 0151 &#8211; 58239907<br \/>E-Mail: <a href=\"https:\/\/www.presseportal.de\/blaulicht\/pm\/154636\/mailto:feuerwehrpressestelle@dresden.de\" class=\"uri-mailto\" rel=\"nofollow noopener\" target=\"_blank\">feuerwehrpressestelle@dresden.de<\/a><br \/><a target=\"_blank\" class=\"uri-ext outbound\" rel=\"noopener nofollow\" href=\"https:\/\/www.dresden.de\/feuerwehr\">https:\/\/www.dresden.de\/feuerwehr<\/a><\/p>\n<p class=\"originator\">Original-Content von: Feuerwehr Dresden, \u00fcbermittelt durch news aktuell<\/p>\n","protected":false},"excerpt":{"rendered":"12.08.2026 \u2013 09:02 Feuerwehr Dresden Dresden (ots) Rettungsdienst In den vergangenen 24 Stunden wurde der Rettungsdienst der Landeshauptstadt&hellip;\n","protected":false},"author":2,"featured_media":1231127,"comment_status":"","ping_status":"","sticky":false,"template":"","format":"standard","meta":{"footnotes":"","_share_on_mastodon":"0"},"categories":[1835],"tags":[2919,3364,29,2386,985,30,3908,178,180,179,181,859,14110,1284],"class_list":["post-1231126","post","type-post","status-publish","format-standard","has-post-thumbnail","category-dresden","tag-brand","tag-de","tag-deutschland","tag-dresden","tag-feuerwehr","tag-germany","tag-notfallrettung","tag-presse","tag-pressemeldung","tag-pressemitteilung","tag-pressemitteilungen","tag-sachsen","tag-sn","tag-unfall"],"share_on_mastodon":{"url":"","error":""},"_links":{"self":[{"href":"https:\/\/www.europesays.com\/de\/wp-json\/wp\/v2\/posts\/1231126","targetHints":{"allow":["GET"]}}],"collection":[{"href":"https:\/\/www.europesays.com\/de\/wp-json\/wp\/v2\/posts"}],"about":[{"href":"https:\/\/www.europesays.com\/de\/wp-json\/wp\/v2\/types\/post"}],"author":[{"embeddable":true,"href":"https:\/\/www.europesays.com\/de\/wp-json\/wp\/v2\/users\/2"}],"replies":[{"embeddable":true,"href":"https:\/\/www.europesays.com\/de\/wp-json\/wp\/v2\/comments?post=1231126"}],"version-history":[{"count":0,"href":"https:\/\/www.europesays.com\/de\/wp-json\/wp\/v2\/posts\/1231126\/revisions"}],"wp:featuredmedia":[{"embeddable":true,"href":"https:\/\/www.europesays.com\/de\/wp-json\/wp\/v2\/media\/1231127"}],"wp:attachment":[{"href":"https:\/\/www.europesays.com\/de\/wp-json\/wp\/v2\/media?parent=1231126"}],"wp:term":[{"taxonomy":"category","embeddable":true,"href":"https:\/\/www.europesays.com\/de\/wp-json\/wp\/v2\/categories?post=1231126"},{"taxonomy":"post_tag","embeddable":true,"href":"https:\/\/www.europesays.com\/de\/wp-json\/wp\/v2\/tags?post=1231126"}],"curies":[{"name":"wp","href":"https:\/\/api.w.org\/{rel}","templated":true}]}}