{"id":1231220,"date":"2026-08-12T08:56:21","date_gmt":"2026-08-12T08:56:21","guid":{"rendered":"https:\/\/www.europesays.com\/de\/1231220\/"},"modified":"2026-08-12T08:56:21","modified_gmt":"2026-08-12T08:56:21","slug":"hetzjagd-mit-sieben-autos-angeklagter-bestreitet-vorwuerfe","status":"publish","type":"post","link":"https:\/\/www.europesays.com\/de\/1231220\/","title":{"rendered":"Hetzjagd mit sieben Autos: Angeklagter bestreitet Vorw\u00fcrfe"},"content":{"rendered":"<p>Prozess <\/p>\n<p>Hetzjagd mit sieben Autos: Angeklagter bestreitet Vorw\u00fcrfe<\/p>\n<p>Aktualisiert am 12.08.2026 &#8211; 10:42 UhrLesedauer: 2 Min.<\/p>\n<p><a href=\"#focus-0\" class=\"transition-colors block text-current relative\" data-sctrack=\"FocusGalleryImage.Reference\"><img fetchpriority=\"high\" data-testid=\"Opener.Image\"   loading=\"eager\" src=\"https:\/\/www.europesays.com\/de\/wp-content\/uploads\/2026\/08\/der-angeklagte-haelt-sich-vor-beginn-des-prozesses-im-saal-des-landgerichts-einen-umschlag-vor-das-g.jpeg\" alt=\"Prozess zu versuchtem Totschlag mit einem Auto als Tatwerkzeug\" title=\"Prozess zu versuchtem Totschlag mit einem Auto als Tatwerkzeug\" width=\"2048\" height=\"1152\" class=\"bg-[url:var(--lqipURL)] bg-cover bg-center flex h-full w-full max-w-full\" style=\"--lqipURL:url('https:\/\/images.t-online.de\/2026\/08\/WP1lD6IIF84F\/0x107:2048x1152\/fit-in\/150x0\/filters:blur(25)\/der-angeklagte-haelt-sich-vor-beginn-des-prozesses-im-saal-des-landgerichts-einen-umschlag-vor-das-gesicht.jpg')\" decoding=\"async\"\/><img loading=\"lazy\" src=\"https:\/\/muenster.t-online.de\/s\/paper\/_next\/static\/media\/zoom-in.f7dae02f.svg\" alt=\"Vergr\u00f6\u00dfern des Bildes\" title=\"Vergr\u00f6\u00dfern des Bildes\" class=\"block h-[calc(var(--height)_\/_16_*_1rem)] w-[calc(var(--width)_\/_16_*_1rem)] max-w-none absolute right-8 bottom-8 rounded-4 bg-snow p-8\" style=\"--width:32;--height:32\" decoding=\"async\"\/><\/a><\/p>\n<p>Der Angeklagte h\u00e4lt sich vor Beginn des Prozesses im Saal des Landgerichts einen Umschlag vor das Gesicht. (Quelle: Lars Berg\/dpa\/dpa-bilder)<\/p>\n<p><img loading=\"lazy\" src=\"https:\/\/muenster.t-online.de\/s\/paper\/_next\/static\/media\/audio-volume.6689034c.svg\" alt=\"\" title=\"\" class=\"block h-[calc(var(--height)_\/_16_*_1rem)] w-[calc(var(--width)_\/_16_*_1rem)] max-w-none group-hover:brightness-0 group-hover:invert\" style=\"--width:16;--height:16\" decoding=\"async\"\/>Vorlesen<\/p>\n<p>Aktuelle Zeit:0:00Gesamtdauer:0:00<\/p>\n<p>1x<\/p>\n<p class=\"text-center\">Jetzt neu bei t-online:<\/p>\n<p class=\"text-center\">Schriftgr\u00f6\u00dfe anpassen!<\/p>\n<p><img loading=\"lazy\" src=\"https:\/\/muenster.t-online.de\/s\/paper\/_next\/static\/media\/font-sizes.32942e33.svg\" alt=\"\" title=\"\" class=\"block h-[calc(var(--height)_\/_16_*_1rem)] w-[calc(var(--width)_\/_16_*_1rem)] max-w-none group-hover:hidden group-aria-expanded:hidden\" style=\"--width:16;--height:16\" decoding=\"async\"\/><img loading=\"lazy\" src=\"https:\/\/muenster.t-online.de\/s\/paper\/_next\/static\/media\/font-sizes-dark-mode.e382645c.svg\" alt=\"\" title=\"\" class=\"block h-[calc(var(--height)_\/_16_*_1rem)] w-[calc(var(--width)_\/_16_*_1rem)] max-w-none hidden group-hover:block group-aria-expanded:block\" style=\"--width:16;--height:16\" decoding=\"async\"\/><img loading=\"lazy\" src=\"https:\/\/muenster.t-online.de\/s\/paper\/_next\/static\/media\/sharing-menu-icon.1eb71368.svg\" alt=\"\" title=\"\" class=\"block h-[calc(var(--height)_\/_16_*_1rem)] w-[calc(var(--width)_\/_16_*_1rem)] max-w-none group-hover:brightness-0 group-hover:invert\" style=\"--width:16;--height:16\" decoding=\"async\"\/>Artikel teilen<\/p>\n<p class=\"font-bold text-18 leading-17 user-text-lg:text-22 user-text-xl:text-24\">Eine Verfolgung mit sieben Autos, Tumult und schwere Verletzungen: Vor dem Landgericht M\u00fcnster hat der Prozess zu einem Fall begonnen, der viele Fragen offen l\u00e4sst.<\/p>\n<p class=\"text-18 leading-17 user-text-lg:text-22 user-text-xl:text-24\">Im Prozess um eine Hetzjagd mit sieben Autos auf einen zum Tatzeitpunkt 32-J\u00e4hrigen hat der Angeklagte vor dem Landgericht M\u00fcnster alle Vorw\u00fcrfe abgestritten. Das lie\u00df der 28-J\u00e4hrige zu Beginn durch seinen Anwalt erkl\u00e4ren. <\/p>\n<p class=\"text-18 leading-17 user-text-lg:text-22 user-text-xl:text-24\">Laut Anklage soll er im M\u00e4rz 2021 das Opfer mit einem Auto auf einem Acker bei Rheine angefahren und schwer verletzt haben. Lebensgefahr bestand zwar nicht. Aber der Angeklagte lie\u00df das Opfer demnach zur\u00fcck, ohne sich zu k\u00fcmmern. Der Schwerverletzte \u00fcberlebte nur, weil ein unbeteiligter Zeuge die Rettungskr\u00e4fte auf den Mann auf dem dunklen Feld aufmerksam machte. Weil er wegfuhr, ohne sich zu k\u00fcmmern, nahm der Angeklagte den Tod des Mannes zumindest billigend in Kauf, so die Staatsanwaltschaft in der Anklageverlesung. <\/p>\n<p>Bedrohung von Frauen in Rheine<\/p>\n<p class=\"text-18 leading-17 user-text-lg:text-22 user-text-xl:text-24\">Ausl\u00f6ser f\u00fcr den Angriff soll die Bedrohung von zwei Frauen in Rheine gewesen sein. Das sp\u00e4tere Opfer soll seine Ex-Frau und deren Schwester angegangen haben. Worum es genau ging, ist bis heute offen. Darauf schlossen sich 15 M\u00e4nner aus der Familie der Frauen zusammen und wollten den Mann zur Rede stellen. <\/p>\n<p class=\"text-18 leading-17 user-text-lg:text-22 user-text-xl:text-24\">Es folgte eine Verfolgungsjagd mit sieben Autos. Startpunkt war H\u00f6rstel im Kreis Steinfurt, wo das Opfer wohnte. Der heute 37-J\u00e4hrige floh damals in seinem Auto, es kam zu wechselseitigen Abdr\u00e4ngungsman\u00f6vern. An einer Ampel im rund zehn Kilometer entfernten Rheine blockierten die Verfolger sein Fahrzeug. Die Angreifer bedrohten ihn durch das Fahrerfenster. Ihm gelang noch einmal kurz die Flucht, er wendete und fuhr gegen eines der Fahrzeuge, die ihn blockiert hatten. Daraufhin schlugen die M\u00e4nner das Fahrerfenster ein.<\/p>\n<p>Tumult mit Gummihammer und Obstmesser<\/p>\n<p class=\"text-18 leading-17 user-text-lg:text-22 user-text-xl:text-24\">Es folgte ein Tumult, bei dem sich der Verfolgte mit einem Gummihammer und einem Obstmesser zur Wehr setzte. Der Angeklagte, ein 1997 in Gelsenkirchen geborener Syrer, wurde dabei mit einem Stich an der H\u00fcfte verletzt. <\/p>\n<p class=\"text-18 leading-17 user-text-lg:text-22 user-text-xl:text-24\">Das Opfer fl\u00fcchtete zu Fu\u00df auf ein Feld. Der Angeklagte verfolgte ihn laut den Ermittlungen mit einem Auto, beschleunigte und traf den Mann mit Tempo 30. Der damals 32-J\u00e4hrige wurde am Unterschenkel getroffen, \u00fcber die Motorhaube und Windschutzscheibe geschleudert und knallte nach einem Flug \u00fcber das Dach auf den Boden. <\/p>\n<p class=\"text-18 leading-17 user-text-lg:text-22 user-text-xl:text-24\">Das Landgericht M\u00fcnster besch\u00e4ftigt sich bereits zum zweiten Mal mit dem Fall. Am 15. Dezember 2022 wurde der Halter des Autos freigesprochen. Das Gericht war am Ende nicht davon \u00fcberzeugt, dass er bei dem Angriff am Steuer gesessen hatte. Bis zum 24. September sind weitere neun Verhandlungstage angesetzt.<\/p>\n","protected":false},"excerpt":{"rendered":"Prozess Hetzjagd mit sieben Autos: Angeklagter bestreitet Vorw\u00fcrfe Aktualisiert am 12.08.2026 &#8211; 10:42 UhrLesedauer: 2 Min. Der Angeklagte&hellip;\n","protected":false},"author":2,"featured_media":1231221,"comment_status":"","ping_status":"","sticky":false,"template":"","format":"standard","meta":{"footnotes":"","_share_on_mastodon":"0"},"categories":[1843],"tags":[255566,513,3364,29,514,30,42394,4933,8970,1209,29962,1997,6319],"class_list":["post-1231220","post","type-post","status-publish","format-standard","has-post-thumbnail","category-muenster","tag-anklageverlesung","tag-auto","tag-de","tag-deutschland","tag-fahrzeug","tag-germany","tag-hetzjagd","tag-landgericht","tag-muenster","tag-nordrhein-westfalen","tag-rheine","tag-staatsanwaltschaft","tag-verletzung"],"share_on_mastodon":{"url":"https:\/\/pubeurope.com\/@de\/117081711121773415","error":""},"_links":{"self":[{"href":"https:\/\/www.europesays.com\/de\/wp-json\/wp\/v2\/posts\/1231220","targetHints":{"allow":["GET"]}}],"collection":[{"href":"https:\/\/www.europesays.com\/de\/wp-json\/wp\/v2\/posts"}],"about":[{"href":"https:\/\/www.europesays.com\/de\/wp-json\/wp\/v2\/types\/post"}],"author":[{"embeddable":true,"href":"https:\/\/www.europesays.com\/de\/wp-json\/wp\/v2\/users\/2"}],"replies":[{"embeddable":true,"href":"https:\/\/www.europesays.com\/de\/wp-json\/wp\/v2\/comments?post=1231220"}],"version-history":[{"count":0,"href":"https:\/\/www.europesays.com\/de\/wp-json\/wp\/v2\/posts\/1231220\/revisions"}],"wp:featuredmedia":[{"embeddable":true,"href":"https:\/\/www.europesays.com\/de\/wp-json\/wp\/v2\/media\/1231221"}],"wp:attachment":[{"href":"https:\/\/www.europesays.com\/de\/wp-json\/wp\/v2\/media?parent=1231220"}],"wp:term":[{"taxonomy":"category","embeddable":true,"href":"https:\/\/www.europesays.com\/de\/wp-json\/wp\/v2\/categories?post=1231220"},{"taxonomy":"post_tag","embeddable":true,"href":"https:\/\/www.europesays.com\/de\/wp-json\/wp\/v2\/tags?post=1231220"}],"curies":[{"name":"wp","href":"https:\/\/api.w.org\/{rel}","templated":true}]}}