{"id":1231224,"date":"2026-08-12T08:58:22","date_gmt":"2026-08-12T08:58:22","guid":{"rendered":"https:\/\/www.europesays.com\/de\/1231224\/"},"modified":"2026-08-12T08:58:22","modified_gmt":"2026-08-12T08:58:22","slug":"ghanas-witwen-leben-unter-hexen-verdacht-steinhagener-projekt-will-helfen-haller-kreisblatt","status":"publish","type":"post","link":"https:\/\/www.europesays.com\/de\/1231224\/","title":{"rendered":"Ghanas Witwen leben unter Hexen-Verdacht &#8211; Steinhagener Projekt will helfen | Haller Kreisblatt"},"content":{"rendered":"<p class=\"nw-text-sm nw-px-4 nw-pt-4\">\n                        Einige B\u00fcrgerkomitee-Mitglieder begleiteten die Besucherin aus Ghana bei ihrem Besuch im Rathaus: Christa Amelung (v. l.), Angela Sarlette, B\u00fcrgermeisterin Sarah S\u00fc\u00df mit Sohn Oliver, Fati Abigail Abdulai, Christel Dahlhoff-Hilbert, Joachim Schreiber und Spenderin Marianne Fischer, die das Projekt seit \u00fcber zehn Jahren regelm\u00e4\u00dfig unterst\u00fctzt. | \u00a9 Birgit Nolte\n                    <\/p>\n","protected":false},"excerpt":{"rendered":"Einige B\u00fcrgerkomitee-Mitglieder begleiteten die Besucherin aus Ghana bei ihrem Besuch im Rathaus: Christa Amelung (v. l.), Angela Sarlette,&hellip;\n","protected":false},"author":2,"featured_media":1231225,"comment_status":"","ping_status":"","sticky":false,"template":"","format":"standard","meta":{"footnotes":"","_share_on_mastodon":"0"},"categories":[1841],"tags":[36390,3504,1605,255567,102818,3364,29,30,255569,9307,1611,4280,198715,16385,164252,229797,24009,23780,1209,16382,255568],"class_list":["post-1231224","post","type-post","status-publish","format-standard","has-post-thumbnail","category-bielefeld","tag-ghana","tag-aufklaerungsarbeit","tag-bielefeld","tag-buergerkomitee","tag-cnt_aufmacher","tag-de","tag-deutschland","tag-germany","tag-joachim-schreiber","tag-label_foto","tag-label_informiere-mich","tag-label_l-120","tag-meta_artikelklasse_nische","tag-meta_copyrights_hk_freier_mitarbeiter","tag-meta_eo_zusammenfassung","tag-meta_prio_1","tag-meta_themen_sonstiges","tag-meta_userneeds_beruehremich","tag-nordrhein-westfalen","tag-steinhagen","tag-wom"],"share_on_mastodon":{"url":"","error":""},"_links":{"self":[{"href":"https:\/\/www.europesays.com\/de\/wp-json\/wp\/v2\/posts\/1231224","targetHints":{"allow":["GET"]}}],"collection":[{"href":"https:\/\/www.europesays.com\/de\/wp-json\/wp\/v2\/posts"}],"about":[{"href":"https:\/\/www.europesays.com\/de\/wp-json\/wp\/v2\/types\/post"}],"author":[{"embeddable":true,"href":"https:\/\/www.europesays.com\/de\/wp-json\/wp\/v2\/users\/2"}],"replies":[{"embeddable":true,"href":"https:\/\/www.europesays.com\/de\/wp-json\/wp\/v2\/comments?post=1231224"}],"version-history":[{"count":0,"href":"https:\/\/www.europesays.com\/de\/wp-json\/wp\/v2\/posts\/1231224\/revisions"}],"wp:featuredmedia":[{"embeddable":true,"href":"https:\/\/www.europesays.com\/de\/wp-json\/wp\/v2\/media\/1231225"}],"wp:attachment":[{"href":"https:\/\/www.europesays.com\/de\/wp-json\/wp\/v2\/media?parent=1231224"}],"wp:term":[{"taxonomy":"category","embeddable":true,"href":"https:\/\/www.europesays.com\/de\/wp-json\/wp\/v2\/categories?post=1231224"},{"taxonomy":"post_tag","embeddable":true,"href":"https:\/\/www.europesays.com\/de\/wp-json\/wp\/v2\/tags?post=1231224"}],"curies":[{"name":"wp","href":"https:\/\/api.w.org\/{rel}","templated":true}]}}