{"id":1231289,"date":"2026-08-12T09:44:15","date_gmt":"2026-08-12T09:44:15","guid":{"rendered":"https:\/\/www.europesays.com\/de\/1231289\/"},"modified":"2026-08-12T09:44:15","modified_gmt":"2026-08-12T09:44:15","slug":"zur-medienmitteilung-regierungspraesidium-stuttgart-23","status":"publish","type":"post","link":"https:\/\/www.europesays.com\/de\/1231289\/","title":{"rendered":"Zur Medienmitteilung | Regierungspr\u00e4sidium Stuttgart"},"content":{"rendered":"<p><strong>F\u00fcr das Vorhaben der Stuttgarter Stra\u00dfenbahnen AG der Verl\u00e4ngerung der S-Bahnstrecke von Filderstadt-Bernhausen nach Neuhausen auf den Fildern werden der Plan\u00e4nderungsbeschluss und die planfestgestellten Plan\u00e4nderungsunterlagen ab 18. August 2026 ver\u00f6ffentlicht.<\/strong><\/p>\n<p>Das Regierungspr\u00e4sidium Stuttgart hat am 3. August 2026 den Plan\u00e4nderungsbeschluss f\u00fcr die Verl\u00e4ngerung der S-Bahnstrecke von Filderstadt-Bernhausen nach Neuhausen auf den Fildern erlassen und damit die Grundlage f\u00fcr die ge\u00e4nderte Bauausf\u00fchrung entlang der k\u00fcnftigen S-Bahnstrecke geschaffen. Vorhabentr\u00e4gerin ist die Stuttgarter Stra\u00dfenbahnen AG (SSB).<\/p>\n<p><strong>Gegenstand des Plan\u00e4nderungsbeschlusses<\/strong><\/p>\n<p>Der Planfeststellungsbeschluss f\u00fcr das oben genannte Vorhaben wurde am 30. Juni 2022 vom Regierungspr\u00e4sidium Stuttgart erlassen. Im Zuge der Bauausf\u00fchrung hat sich jedoch \u00c4nderungsbedarf ergeben. Gegenstand der beantragten Plan\u00e4nderung vor Fertigstellung des Vorhabens sind verschiedene \u00c4nderungen und Erg\u00e4nzungen auf den Gemarkungen Bernhausen, Sielmingen und Neuhausen. Eine \u00dcbersicht \u00fcber die einzelnen \u00c4nderungen und Erg\u00e4nzungen befindet sich im Plan\u00e4nderungsbeschluss sowie in den ge\u00e4nderten Planunterlagen.<\/p>\n<p>Um Beeintr\u00e4chtigungen auf Natur und Umwelt durch das ge\u00e4nderte Vorhaben soweit wie m\u00f6glich zu vermeiden und zu minimieren beziehungsweise zu kompensieren, wurden die bereits planfestgestellten landschaftspflegerischen Begleitma\u00dfnahmen um zus\u00e4tzliche Ma\u00dfnahmen f\u00fcr die Zauneidechse sowie die Aufwertung einer bestehenden Streuobstwiese erg\u00e4nzt.\u00a0<\/p>\n<p><strong>Ver\u00f6ffentlichung\u00a0<\/strong><\/p>\n<p>Der Plan\u00e4nderungsbeschluss und die planfestgestellten Plan\u00e4nderungsunterlagen werden in der Zeit <strong>von Dienstag, 18. August 2026 bis Montag, 31. August 2026\u00a0<\/strong>(je einschlie\u00dflich) auf der Internetseite des Regierungspr\u00e4sidiums Stuttgart (<a href=\"https:\/\/rps.baden-wuerttemberg.de\/\" class=\"link-arrow\" rel=\"nofollow noopener\" target=\"_blank\">https:\/\/rps.baden-wuerttemberg.de<\/a>) unter \u00dcber uns &gt; Abteilungen &gt; Abteilung 2 &gt; Referat 24 &gt; Planfeststellung &gt; <a href=\"https:\/\/rps.baden-wuerttemberg.de\/abt2\/ref24\/seiten\/planfeststellung\/\" class=\"link-arrow\" rel=\"nofollow noopener\" target=\"_blank\">Aktuelle Planfeststellungsbeschl\u00fcsse<\/a> &gt; Schiene und im zentralen Internetportal unter <a href=\"https:\/\/www.uvp-verbund.de\/\" target=\"_blank\" class=\"link-external\" rel=\"noreferrer nofollow noopener\">https:\/\/www.uvp-verbund.de\/<\/a> ver\u00f6ffentlicht.\u00a0<\/p>\n<p>Personen, die die Unterlagen nicht online einsehen k\u00f6nnen, k\u00f6nnen bei der Planfeststellungsbeh\u00f6rde bis zum Ablauf der Rechtsbehelfsfrist eine andere Zugangsm\u00f6glichkeit beantragen (Regierungspr\u00e4sidium Stuttgart, Ref. 24, Ruppmannstra\u00dfe 21, 70565 Stuttgart oder per E-Mail an\u00a0<a href=\"https:\/\/rps.baden-wuerttemberg.de\/mailto:referat24@rps.bwl.de\" class=\"link-mail\" title=\"E-Mail an Referat 24\" rel=\"nofollow noopener\" target=\"_blank\">referat24@rps.bwl.de<\/a>).<\/p>\n<p>Die Bekanntmachung erfolgt vor Beginn der Ver\u00f6ffentlichung des Plan\u00e4nderungsbeschlusses und der planfestgestellten Plan\u00e4nderungsunterlagen. Der Bekanntmachungstext ist <strong>ab Donnerstag, 13. August 2026<\/strong> auch auf der Internetseite des Regierungspr\u00e4sidiums Stuttgart (<a href=\"https:\/\/rps.baden-wuerttemberg.de\/\" class=\"link-arrow\" rel=\"nofollow noopener\" target=\"_blank\">https:\/\/rps.baden-wuerttemberg.de<\/a>) unter Service &gt; Bekanntmachungen &gt; Bekanntmachungen zu Planfeststellungsverfahren &gt; <a href=\"https:\/\/rps.baden-wuerttemberg.de\/service\/bekanntmachung\/planfeststellung\/\" class=\"link-arrow\" rel=\"nofollow noopener\" target=\"_blank\">Bekanntmachungen<\/a> &gt; Planfeststellungsbeschl\u00fcsse und im zentralen Internetportal unter <a href=\"https:\/\/www.uvp-verbund.de\/\" target=\"_blank\" class=\"link-external\" rel=\"noreferrer nofollow noopener\">https:\/\/www.uvp-verbund.de\/<\/a> abrufbar.<\/p>\n","protected":false},"excerpt":{"rendered":"F\u00fcr das Vorhaben der Stuttgarter Stra\u00dfenbahnen AG der Verl\u00e4ngerung der S-Bahnstrecke von Filderstadt-Bernhausen nach Neuhausen auf den Fildern&hellip;\n","protected":false},"author":2,"featured_media":1231290,"comment_status":"","ping_status":"","sticky":false,"template":"","format":"standard","meta":{"footnotes":"","_share_on_mastodon":"0"},"categories":[1830],"tags":[1634,170064,3364,29,10050,30,76952,255578,255577,1441,5975],"class_list":["post-1231289","post","type-post","status-publish","format-standard","has-post-thumbnail","category-stuttgart","tag-baden-wuerttemberg","tag-bernhausen","tag-de","tag-deutschland","tag-filderstadt","tag-germany","tag-neuhausen-auf-den-fildern","tag-planaenderungsbeschluss","tag-s-bahnstrecke","tag-stuttgart","tag-verlaengerung"],"share_on_mastodon":{"url":"https:\/\/pubeurope.com\/@de\/117081896677447386","error":""},"_links":{"self":[{"href":"https:\/\/www.europesays.com\/de\/wp-json\/wp\/v2\/posts\/1231289","targetHints":{"allow":["GET"]}}],"collection":[{"href":"https:\/\/www.europesays.com\/de\/wp-json\/wp\/v2\/posts"}],"about":[{"href":"https:\/\/www.europesays.com\/de\/wp-json\/wp\/v2\/types\/post"}],"author":[{"embeddable":true,"href":"https:\/\/www.europesays.com\/de\/wp-json\/wp\/v2\/users\/2"}],"replies":[{"embeddable":true,"href":"https:\/\/www.europesays.com\/de\/wp-json\/wp\/v2\/comments?post=1231289"}],"version-history":[{"count":0,"href":"https:\/\/www.europesays.com\/de\/wp-json\/wp\/v2\/posts\/1231289\/revisions"}],"wp:featuredmedia":[{"embeddable":true,"href":"https:\/\/www.europesays.com\/de\/wp-json\/wp\/v2\/media\/1231290"}],"wp:attachment":[{"href":"https:\/\/www.europesays.com\/de\/wp-json\/wp\/v2\/media?parent=1231289"}],"wp:term":[{"taxonomy":"category","embeddable":true,"href":"https:\/\/www.europesays.com\/de\/wp-json\/wp\/v2\/categories?post=1231289"},{"taxonomy":"post_tag","embeddable":true,"href":"https:\/\/www.europesays.com\/de\/wp-json\/wp\/v2\/tags?post=1231289"}],"curies":[{"name":"wp","href":"https:\/\/api.w.org\/{rel}","templated":true}]}}