{"id":1231329,"date":"2026-08-12T10:07:34","date_gmt":"2026-08-12T10:07:34","guid":{"rendered":"https:\/\/www.europesays.com\/de\/1231329\/"},"modified":"2026-08-12T10:07:34","modified_gmt":"2026-08-12T10:07:34","slug":"ich-bin-rueckfaellig-geworden-brad-pitt-trinkt-nach-7-jahren-wieder-alkohol-unterhaltung","status":"publish","type":"post","link":"https:\/\/www.europesays.com\/de\/1231329\/","title":{"rendered":"\u201eIch bin r\u00fcckf\u00e4llig geworden\u201c: Brad Pitt trinkt nach 7 Jahren wieder Alkohol | Unterhaltung"},"content":{"rendered":"<p><a class=\"skip-content skip-content--link\" href=\"#in-content-skip-link-target-v-0-0\">TTS-Player \u00fcberspringen\u21b5<\/a><a id=\"in-content-skip-link-target-v-0-0\" class=\"skip-content--target-link-hidden skip-content skip-content--target-link\" href=\"#in-content-skip-link-target-v-0-0\">Artikel weiterlesen<\/a><\/p>\n<p data-32581ace=\"0-2039\">Los Angeles (USA) \u2013 <b>Alles ist verg\u00e4nglich. Nur der Durst bleibt lebensl\u00e4nglich. Nach sieben Jahren Alkoholabstinenz greift Brad Pitt (62) wieder zum Glas. Die Hollywood-Ikone hatte dem Alkohol nach der Trennung von Angelina Jolie (51) den Kampf angesagt und sich \u00f6ffentlich zu seiner Sucht bekannt. Jetzt verr\u00e4t Pitt \u00fcberraschend: Er trinkt wieder.<\/b><\/p>\n<p data-32581ace=\"0-2039\">\u201eIch war sieben Jahre lang trocken. Und dann bin ich wieder r\u00fcckf\u00e4llig geworden\u201c, offenbart der Schauspieler im Interview mit dem Magazin \u201eEsquire\u201c. <a href=\"https:\/\/www.bild.de\/unterhaltung\/leute\/brad-pitt\/thema-brad-pitt-alle-infos-80978890.bild.html\" class=\"text-link\" rel=\"nofollow noopener\" target=\"_blank\">Brad Pitt<\/a> sprach in den vergangenen Jahren offen \u00fcber seine Alkoholprobleme. Nach der Trennung von <a href=\"https:\/\/www.bild.de\/unterhaltung\/leute\/angelina-jolie\/thema-angelina-jolie-alle-infos-82462208.bild.html\" class=\"text-link\" rel=\"nofollow noopener\" target=\"_blank\">Angelina Jolie<\/a> im Jahr 2016 suchte der Hollywood-Star Hilfe bei den Anonymen Alkoholikern und bezeichnete die Zeit als einen Wendepunkt in seinem Leben. In Interviews erz\u00e4hlte er, dass er Verantwortung f\u00fcr seine Fehler \u00fcbernehmen und sein Leben neu ordnen wollte. <\/p>\n<p><img decoding=\"async\" width=\"992\" height=\"1062\" alt=\"2017: Angelina Jolie (42) und Brad Pitt (damals 53) bei der Premiere von \u201eThe Assassination of Jesse James by the Coward Robert Ford\u201c\" loading=\"lazy\" src=\"https:\/\/www.europesays.com\/de\/wp-content\/uploads\/2026\/08\/43de7b803f5eeed9d37fe5167d89f62e,f4e06d59.jpeg\"   class=\"dynamic\"\/><\/p>\n<p class=\"fig__caption__text\">2017: Angelina Jolie (42) und Brad Pitt (damals 53) bei der Premiere von \u201eThe Assassination of Jesse James by the Coward Robert Ford\u201c<\/p>\n<p>Foto: picture alliance\/zz\/VictorMalafronte\/STAR MAX\/IPx<\/p>\n<p>Brad Pitt trinkt kleine Mengen<\/p>\n<p data-32581ace=\"0-2039\">Doch seine R\u00fcckkehr zum Sprit soll keine R\u00fcckkehr in alte Muster sein. Ganz im Gegenteil, er trinke in \u201egem\u00e4\u00dfigterem Rahmen\u201c: \u201eIch bin ein paar Mal \u00fcberm\u00fctig geworden, habe dann aber gemerkt: Das tut mir nicht gut. Nicht in gro\u00dfen Mengen. (&#8230;) Ich muss da professionell bleiben.\u201c <\/p>\n<p data-32581ace=\"0-2039\">Noch vor einigen Jahren sagte er selten Nein zu Wein! \u201eIch habe alles ausprobiert, was man mir angeboten hat\u201c, so Pitt im Podcast \u201eArmchair Expert with Dax Shepard\u201c. Auch andere Substanzen spielten lange Zeit eine Rolle in seinem Leben. 2017 gestand er im Interview mit der \u201eGQ Style\u201c: \u201eIch kann mich an keinen Tag erinnern, seit ich das College verlassen habe, an dem ich nicht getrunken oder einen Joint geraucht oder sonst etwas genommen habe. Irgendetwas.\u201c<\/p>\n<p>Mehr zum ThemaPitt machte eine schwere Zeit durch<\/p>\n<p data-32581ace=\"0-2039\">Neben seiner Alkohol-R\u00fcckkehr sprach Pitt in dem aktuellen Artikel auch \u00fcber eine dunkle Phase in seinem Leben. F\u00fcr kurze Zeit habe er Selbstmordgedanken gehabt, obwohl er eigentlich ein absoluter Optimist sei. \u201eIn dieser kurzen Phase dachte ich einfach \u2013 ich konnte einfach keinen Ausweg sehen. (&#8230;) Ich hatte aber nicht vor, es tats\u00e4chlich zu tun.\u201c<\/p>\n<p>Sind Sie auch allein und traurig? Hier bekommen Sie Hilfe!<\/p>\n<p>Wenn Sie depressiv sind oder an Suizid denken: Holen Sie sich bitte Unterst\u00fctzung. Die Telefonseelsorge ist rund um die Uhr kostenlos erreichbar: 0800 \u2013 111 0 111 oder 0800 \u2013 111 0 222. Die Beraterinnen und Berater helfen Ihnen, Auswege aus schwierigen Situationen aufzuzeigen. Im Notfall wenden Sie sich bitte an die Feuerwehr (112) oder den Polizei-Notruf (110).<\/p>\n","protected":false},"excerpt":{"rendered":"TTS-Player \u00fcberspringen\u21b5Artikel weiterlesen Los Angeles (USA) \u2013 Alles ist verg\u00e4nglich. Nur der Durst bleibt lebensl\u00e4nglich. Nach sieben Jahren&hellip;\n","protected":false},"author":2,"featured_media":1231330,"comment_status":"","ping_status":"","sticky":false,"template":"","format":"standard","meta":{"footnotes":"","_share_on_mastodon":"0"},"categories":[155],"tags":[29,214,30,1292,57620,15682,1718,18709,138370,215],"class_list":["post-1231329","post","type-post","status-publish","format-standard","has-post-thumbnail","category-unterhaltung","tag-deutschland","tag-entertainment","tag-germany","tag-hochzeit","tag-jolie-angelina","tag-pitt-brad","tag-scheidung","tag-sorgerecht","tag-team-first","tag-unterhaltung"],"share_on_mastodon":{"url":"https:\/\/pubeurope.com\/@de\/117081987454855833","error":""},"_links":{"self":[{"href":"https:\/\/www.europesays.com\/de\/wp-json\/wp\/v2\/posts\/1231329","targetHints":{"allow":["GET"]}}],"collection":[{"href":"https:\/\/www.europesays.com\/de\/wp-json\/wp\/v2\/posts"}],"about":[{"href":"https:\/\/www.europesays.com\/de\/wp-json\/wp\/v2\/types\/post"}],"author":[{"embeddable":true,"href":"https:\/\/www.europesays.com\/de\/wp-json\/wp\/v2\/users\/2"}],"replies":[{"embeddable":true,"href":"https:\/\/www.europesays.com\/de\/wp-json\/wp\/v2\/comments?post=1231329"}],"version-history":[{"count":0,"href":"https:\/\/www.europesays.com\/de\/wp-json\/wp\/v2\/posts\/1231329\/revisions"}],"wp:featuredmedia":[{"embeddable":true,"href":"https:\/\/www.europesays.com\/de\/wp-json\/wp\/v2\/media\/1231330"}],"wp:attachment":[{"href":"https:\/\/www.europesays.com\/de\/wp-json\/wp\/v2\/media?parent=1231329"}],"wp:term":[{"taxonomy":"category","embeddable":true,"href":"https:\/\/www.europesays.com\/de\/wp-json\/wp\/v2\/categories?post=1231329"},{"taxonomy":"post_tag","embeddable":true,"href":"https:\/\/www.europesays.com\/de\/wp-json\/wp\/v2\/tags?post=1231329"}],"curies":[{"name":"wp","href":"https:\/\/api.w.org\/{rel}","templated":true}]}}