{"id":1231483,"date":"2026-08-12T11:36:21","date_gmt":"2026-08-12T11:36:21","guid":{"rendered":"https:\/\/www.europesays.com\/de\/1231483\/"},"modified":"2026-08-12T11:36:21","modified_gmt":"2026-08-12T11:36:21","slug":"schutz-queerer-menschen-im-grundgesetz-ataman-fuer-abstimmung-im-bundestag","status":"publish","type":"post","link":"https:\/\/www.europesays.com\/de\/1231483\/","title":{"rendered":"Schutz queerer Menschen im Grundgesetz &#8211; Ataman f\u00fcr Abstimmung im Bundestag"},"content":{"rendered":"<p>            <img loading=\"lazy\" decoding=\"async\" class=\"ts-image\" src=\"https:\/\/www.europesays.com\/de\/wp-content\/uploads\/2026\/08\/trauer-csd-berlin-100.jpg\" alt=\"Blumen, Regenbogenflaggen und Botschaften auf der Stra\u00dfe in Berlin.\" title=\"Blumen, Regenbogenflaggen und Botschaften auf der Stra\u00dfe in Berlin. | EPA\"\/><\/p>\n<p class=\"metatextline\">Stand: 12.08.2026 \u2022 12:18 Uhr<\/p>\n<p class=\"article-head__shorttext\">\n        <strong>Sollte das Grundgesetz erg\u00e4nzt werden, damit queere Personen in Deutschland besser gesch\u00fctzt sind? Unionsfraktionschef Frei meint: nein. Jetzt reagierte die Antidiskriminierungsbeauftragte Ataman mit einer klaren Forderung.<\/strong>\n    <\/p>\n<p class=\"textabsatz m-ten m-offset-one l-eight l-offset-two columns twelve\">Die Unabh\u00e4ngige Bundesbeauftragte f\u00fcr Antidiskriminierung, Ferda Ataman, hat eine Bundestagsabstimmung f\u00fcr eine Grundgesetz\u00e4nderung zum besseren Schutz queerer Menschen gefordert. Sie seien im Nationalsozialismus systematisch ermordet worden &#8211; und w\u00fcrden dennoch bis heute nicht in der Verfassung gesch\u00fctzt, sagte Ataman den Funke-Zeitungen. &#8222;Das Grundgesetz muss erg\u00e4nzt werden, damit Artikel drei explizit alle Gruppen sch\u00fctzt, die von Extremisten angegriffen werden.&#8220;<\/p>\n<p class=\"textabsatz m-ten m-offset-one l-eight l-offset-two columns twelve\">Ataman zeigte sich \u00fcberzeugt, &#8222;dass bei einer Abstimmung ohne Fraktionszwang&#8220; eine Mehrheit der Bundestagsabgeordneten klar f\u00fcr den Schutz queerer Menschen in Deutschland stimmen w\u00fcrde. Wer in diesem Kontext von einer &#8222;\u00dcberfrachtung&#8220; des Grundgesetzes spreche, ignoriere &#8222;die reale Diskriminierung und erkl\u00e4rt das Schutzbed\u00fcrfnis queerer Menschen f\u00fcr zweitrangig&#8220;.<\/p>\n<p>    Ataman fordert &#8222;mehr als nur Lippenbekenntnisse&#8220;<\/p>\n<p class=\"textabsatz m-ten m-offset-one l-eight l-offset-two columns twelve\">Sie reagierte damit auf eine \u00c4u\u00dferung von Unionsfraktionschef Thorsten Frei. Er hatte sich am Wochenende gegen ein Verbot von Diskriminierung wegen der sexuellen Identit\u00e4t im Grundgesetz ausgesprochen. Er k\u00f6nne den Wunsch der queeren Community nach diesem symbolischen Schritt verstehen, halte ihn aber nicht f\u00fcr notwendig. &#8222;Das w\u00fcrde unsere Verfassung \u00fcberfrachten&#8220;, sagte Frei.<\/p>\n<p class=\"textabsatz m-ten m-offset-one l-eight l-offset-two columns twelve\">Aus vielen Anfragen an die Antidiskriminierungsstelle des Bundes sei bekannt, dass Menschen &#8222;tagt\u00e4glich wegen ihrer sexuellen und geschlechtlichen Identit\u00e4t harte Diskriminierung erleben&#8220;, hob die Beauftragte nun hervor. Die Menschen w\u00fcrden nach dem Anschlag auf den Berliner CSD &#8222;mehr als nur Lippenbekenntnisse&#8220; verdienen&#8220;.<\/p>\n<blockquote class=\"zitat\">\n<p>                    Es ist h\u00f6chste Zeit, die Rechte und die Sicherheit von lesbischen, schwulen, bisexuellen, trans- und intergeschlechtlichen sowie queeren Menschen (LSBTIQ*) wirksam zu st\u00e4rken.<\/p>\n<p>Ferda Ataman, Bundesbeauftragte f\u00fcr Antidiskriminierung<\/p>\n<\/blockquote>\n<p>    Lange Diskussion \u00fcber Grundgesetz\u00e4nderung<\/p>\n<p class=\"textabsatz m-ten m-offset-one l-eight l-offset-two columns twelve\">\u00dcber die Aufnahme der sexuellen Identit\u00e4t in Artikel drei Grundgesetz wird seit Jahren diskutiert. Dieser beinhaltet bereits eine Reihe ausdr\u00fccklicher Diskriminierungsverbote &#8211; etwa wegen Geschlechts, Ethnie, Sprache, Herkunft oder Glaube.<\/p>\n<p class=\"textabsatz m-ten m-offset-one l-eight l-offset-two columns twelve\">Ende September vergangenen Jahres hatte auch der Bundesrat eine entsprechende \u00c4nderung gefordert und legte daf\u00fcr dem Bundestag einen Gesetzentwurf vor. N\u00f6tig w\u00e4re daf\u00fcr eine Zwei-Drittel-Mehrheit in beiden Parlamentskammern. Die Bundesregierung nahm den L\u00e4ndervorsto\u00df &#8222;zur Kenntnis&#8220;, verwies aber darauf, dass der Bundestag entscheiden m\u00fcsse, ob der Vorschlag beschlossen werden solle. F\u00fcr eine entsprechende Grundgesetz\u00e4nderung sprachen sich nach dem CSD-Anschlag SPD, Gr\u00fcne und Linke aus.<\/p>\n","protected":false},"excerpt":{"rendered":"Stand: 12.08.2026 \u2022 12:18 Uhr Sollte das Grundgesetz erg\u00e4nzt werden, damit queere Personen in Deutschland besser gesch\u00fctzt sind?&hellip;\n","protected":false},"author":2,"featured_media":1231484,"comment_status":"","ping_status":"","sticky":false,"template":"","format":"standard","meta":{"footnotes":"","_share_on_mastodon":"0"},"categories":[2],"tags":[30546,13774,255617,75033,296,29,30,13,14,15,33550,12,10,8,9,11],"class_list":["post-1231483","post","type-post","status-publish","format-standard","has-post-thumbnail","category-deutschland","tag-csd","tag-anschlag","tag-antidiskriminierungsbeauftragte","tag-ataman","tag-berlin","tag-deutschland","tag-germany","tag-headlines","tag-nachrichten","tag-news","tag-queerfeindlichkeit","tag-schlagzeilen","tag-top-news","tag-top-meldungen","tag-topmeldungen","tag-topnews"],"share_on_mastodon":{"url":"https:\/\/pubeurope.com\/@de\/117082338928420796","error":""},"_links":{"self":[{"href":"https:\/\/www.europesays.com\/de\/wp-json\/wp\/v2\/posts\/1231483","targetHints":{"allow":["GET"]}}],"collection":[{"href":"https:\/\/www.europesays.com\/de\/wp-json\/wp\/v2\/posts"}],"about":[{"href":"https:\/\/www.europesays.com\/de\/wp-json\/wp\/v2\/types\/post"}],"author":[{"embeddable":true,"href":"https:\/\/www.europesays.com\/de\/wp-json\/wp\/v2\/users\/2"}],"replies":[{"embeddable":true,"href":"https:\/\/www.europesays.com\/de\/wp-json\/wp\/v2\/comments?post=1231483"}],"version-history":[{"count":0,"href":"https:\/\/www.europesays.com\/de\/wp-json\/wp\/v2\/posts\/1231483\/revisions"}],"wp:featuredmedia":[{"embeddable":true,"href":"https:\/\/www.europesays.com\/de\/wp-json\/wp\/v2\/media\/1231484"}],"wp:attachment":[{"href":"https:\/\/www.europesays.com\/de\/wp-json\/wp\/v2\/media?parent=1231483"}],"wp:term":[{"taxonomy":"category","embeddable":true,"href":"https:\/\/www.europesays.com\/de\/wp-json\/wp\/v2\/categories?post=1231483"},{"taxonomy":"post_tag","embeddable":true,"href":"https:\/\/www.europesays.com\/de\/wp-json\/wp\/v2\/tags?post=1231483"}],"curies":[{"name":"wp","href":"https:\/\/api.w.org\/{rel}","templated":true}]}}