{"id":1231788,"date":"2026-08-12T15:33:31","date_gmt":"2026-08-12T15:33:31","guid":{"rendered":"https:\/\/www.europesays.com\/de\/1231788\/"},"modified":"2026-08-12T15:33:31","modified_gmt":"2026-08-12T15:33:31","slug":"fiege-erweitert-healthcare-standort-in-muenster","status":"publish","type":"post","link":"https:\/\/www.europesays.com\/de\/1231788\/","title":{"rendered":"Fiege erweitert Healthcare-Standort in M\u00fcnster"},"content":{"rendered":"\n<p>M\u00fcnster\/Greven \u2013 Der Logistikdienstleister Fiege erweitert seine Kapazit\u00e4ten am Standort M\u00fcnster-Hessenweg. Auf einem unmittelbar angrenzenden Grundst\u00fcck neben dem bestehenden Healthcare-Logistikzentrum von Fiege entsteht in enger Abstimmung mit einem potenziellen Kunden aus der Pharmabranche eine Immobilie. Neben der verkehrsg\u00fcnstigen Anbindung sprechen die N\u00e4he zu pharmazeutischen Produktionsstandorten sowie das Fachkr\u00e4fteangebot der Region f\u00fcr den Ausbau, wie Fiege in einer Pressemeldung erkl\u00e4rt. Der Baustart ist f\u00fcr August 2026 vorgesehen.<\/p>\n<p>Entwickelt wird die Immobilie von Fiege Real Estate. Das Geb\u00e4ude umfasst rund 9.800 Quadratmeter Logistikfl\u00e4che, mehr als 1.000 Quadratmeter Mezzaninfl\u00e4che sowie einen 430 Quadratmeter gro\u00dfen B\u00fcrobereich. F\u00fcr einen energieeffizienten Betrieb sorgen LED-Beleuchtung und eine Luft-Luft-W\u00e4rmepumpe. Hinzu kommen Ladeinfrastruktur mit 200-Kilowatt-Leistung f\u00fcr elektrische Lkw sowie eine PV-Anlage mit einer Leistung von rund 1.000 Kilowatt-Peak auf dem Dach, die einen wesentlichen Teil des Strombedarfs direkt vor Ort erzeugen soll. Die technische Infrastruktur sei zudem so ausgelegt, dass sie sich k\u00fcnftig bedarfsgerecht erweitern l\u00e4sst, hei\u00dft es weiter.<\/p>\n<p> Fertigstellung Juni 2027 <\/p>\n<p>Die Fertigstellung ist f\u00fcr Juni 2027 geplant. F\u00fcr den Neubau strebt Fiege eine Gold-Zertifizierung der Deutschen Gesellschaft f\u00fcr Nachhaltiges Bauen an. Jens Fiege, Co-CEO der Fiege-Gruppe, der das \u00fcber 150-j\u00e4hrige Familienunternehmen gemeinsam mit seinem Cousin Felix Fiege f\u00fchrt, erkl\u00e4rt: \u201eWir sind seit vielen Jahren am Standort M\u00fcnster-Hessenweg beheimatet, wo wir die Logistik f\u00fcr zahlreiche Unternehmen aus der Gesundheitsbranche abwickeln. Wir freuen uns, dass wir hier eine weitere, hochmoderne Immobilie errichten und unsere Kapazit\u00e4ten ausbauen k\u00f6nnen. Die erfolgreiche Entwicklung unserer bestehenden Niederlassung zeigt, welches Potenzial und welche Leistungsf\u00e4higkeit der Standort M\u00fcnster bietet. Mit dem zus\u00e4tzlichen Logistikzentrum schaffen wir nun die Voraussetzungen, um unsere Kunden aus dem Healthcare-Bereich noch flexibler zu unterst\u00fctzen und weiteres Wachstum zu erm\u00f6glichen.\u201c\u00a0<\/p>\n","protected":false},"excerpt":{"rendered":"M\u00fcnster\/Greven \u2013 Der Logistikdienstleister Fiege erweitert seine Kapazit\u00e4ten am Standort M\u00fcnster-Hessenweg. Auf einem unmittelbar angrenzenden Grundst\u00fcck neben dem&hellip;\n","protected":false},"author":2,"featured_media":1231789,"comment_status":"","ping_status":"","sticky":false,"template":"","format":"standard","meta":{"footnotes":"","_share_on_mastodon":"0"},"categories":[1843],"tags":[3364,29,66801,30,30010,255702,39989,8970,1209],"class_list":["post-1231788","post","type-post","status-publish","format-standard","has-post-thumbnail","category-muenster","tag-de","tag-deutschland","tag-fiege","tag-germany","tag-greven","tag-healthcare-logistik","tag-logistikzentrum","tag-muenster","tag-nordrhein-westfalen"],"share_on_mastodon":{"url":"https:\/\/pubeurope.com\/@de\/117083269076518436","error":""},"_links":{"self":[{"href":"https:\/\/www.europesays.com\/de\/wp-json\/wp\/v2\/posts\/1231788","targetHints":{"allow":["GET"]}}],"collection":[{"href":"https:\/\/www.europesays.com\/de\/wp-json\/wp\/v2\/posts"}],"about":[{"href":"https:\/\/www.europesays.com\/de\/wp-json\/wp\/v2\/types\/post"}],"author":[{"embeddable":true,"href":"https:\/\/www.europesays.com\/de\/wp-json\/wp\/v2\/users\/2"}],"replies":[{"embeddable":true,"href":"https:\/\/www.europesays.com\/de\/wp-json\/wp\/v2\/comments?post=1231788"}],"version-history":[{"count":0,"href":"https:\/\/www.europesays.com\/de\/wp-json\/wp\/v2\/posts\/1231788\/revisions"}],"wp:featuredmedia":[{"embeddable":true,"href":"https:\/\/www.europesays.com\/de\/wp-json\/wp\/v2\/media\/1231789"}],"wp:attachment":[{"href":"https:\/\/www.europesays.com\/de\/wp-json\/wp\/v2\/media?parent=1231788"}],"wp:term":[{"taxonomy":"category","embeddable":true,"href":"https:\/\/www.europesays.com\/de\/wp-json\/wp\/v2\/categories?post=1231788"},{"taxonomy":"post_tag","embeddable":true,"href":"https:\/\/www.europesays.com\/de\/wp-json\/wp\/v2\/tags?post=1231788"}],"curies":[{"name":"wp","href":"https:\/\/api.w.org\/{rel}","templated":true}]}}