{"id":123180,"date":"2025-05-19T15:38:10","date_gmt":"2025-05-19T15:38:10","guid":{"rendered":"https:\/\/www.europesays.com\/de\/123180\/"},"modified":"2025-05-19T15:38:10","modified_gmt":"2025-05-19T15:38:10","slug":"sabine-eberts-mittelalter-saga-auf-grosser-buehne-in-der-saechsischen-schweiz","status":"publish","type":"post","link":"https:\/\/www.europesays.com\/de\/123180\/","title":{"rendered":"Sabine Eberts Mittelalter-Saga auf gro\u00dfer B\u00fchne in der S\u00e4chsischen Schweiz"},"content":{"rendered":"<p class=\"bold\">\n\t\t\t\t\t\t\t\t\t\tDer zweite Teil \u201eDie Spur der Hebamme\u201c feierte am Wochenende auf der Felsenb\u00fchne Rathen Premiere. Es ist ein Drama mit opulenter Inszenierung.\t\t\t\t<\/p>\n<p>\t\t\t\t Es sei einer der emotionalsten Momente in ihrem Leben gewesen, als sie und das Theaterteam 2018 auf der Felsenb\u00fchne Rathen f\u00fcr die Urauff\u00fchrung des Schauspiels \u201eDas Geheimnis der Hebamme\u201c gefeiert wurden, sagt Sabine Ebert. Sieben Jahre sp\u00e4ter steht die 67-j\u00e4hrige Erfolgsautorin an gleicher Stelle erneut im Scheinwerferlicht und winkt&#8230;<\/p>\n<p>\t\t<img decoding=\"async\" class=\"fp-plus-logo\" src=\"https:\/\/www.europesays.com\/de\/wp-content\/uploads\/2025\/04\/fpplus.svg.svg+xml\" alt=\"Freie Presse plus Logo\"\/><\/p>\n<p>Registrieren und testen.<\/p>\n<p>Jetzt mit Ihrer Registrierung 1 Monat gratis testen und alle Beitr\u00e4ge lesen.<\/p>\n<p>Schon Abonnent? Melden Sie sich mit ihren Zugangsdaten an.<\/p>\n","protected":false},"excerpt":{"rendered":"Der zweite Teil \u201eDie Spur der Hebamme\u201c feierte am Wochenende auf der Felsenb\u00fchne Rathen Premiere. Es ist ein&hellip;\n","protected":false},"author":2,"featured_media":123181,"comment_status":"","ping_status":"","sticky":false,"template":"","format":"standard","meta":{"footnotes":""},"categories":[1835],"tags":[3364,29,2386,30,7504,859],"class_list":{"0":"post-123180","1":"post","2":"type-post","3":"status-publish","4":"format-standard","5":"has-post-thumbnail","7":"category-dresden","8":"tag-de","9":"tag-deutschland","10":"tag-dresden","11":"tag-germany","12":"tag-museen-theater-buehne-ausstellungen","13":"tag-sachsen"},"share_on_mastodon":{"url":"https:\/\/pubeurope.com\/@de\/114535249112680818","error":""},"_links":{"self":[{"href":"https:\/\/www.europesays.com\/de\/wp-json\/wp\/v2\/posts\/123180","targetHints":{"allow":["GET"]}}],"collection":[{"href":"https:\/\/www.europesays.com\/de\/wp-json\/wp\/v2\/posts"}],"about":[{"href":"https:\/\/www.europesays.com\/de\/wp-json\/wp\/v2\/types\/post"}],"author":[{"embeddable":true,"href":"https:\/\/www.europesays.com\/de\/wp-json\/wp\/v2\/users\/2"}],"replies":[{"embeddable":true,"href":"https:\/\/www.europesays.com\/de\/wp-json\/wp\/v2\/comments?post=123180"}],"version-history":[{"count":0,"href":"https:\/\/www.europesays.com\/de\/wp-json\/wp\/v2\/posts\/123180\/revisions"}],"wp:featuredmedia":[{"embeddable":true,"href":"https:\/\/www.europesays.com\/de\/wp-json\/wp\/v2\/media\/123181"}],"wp:attachment":[{"href":"https:\/\/www.europesays.com\/de\/wp-json\/wp\/v2\/media?parent=123180"}],"wp:term":[{"taxonomy":"category","embeddable":true,"href":"https:\/\/www.europesays.com\/de\/wp-json\/wp\/v2\/categories?post=123180"},{"taxonomy":"post_tag","embeddable":true,"href":"https:\/\/www.europesays.com\/de\/wp-json\/wp\/v2\/tags?post=123180"}],"curies":[{"name":"wp","href":"https:\/\/api.w.org\/{rel}","templated":true}]}}