{"id":1231814,"date":"2026-08-12T15:49:41","date_gmt":"2026-08-12T15:49:41","guid":{"rendered":"https:\/\/www.europesays.com\/de\/1231814\/"},"modified":"2026-08-12T15:49:41","modified_gmt":"2026-08-12T15:49:41","slug":"hotel-alpami-in-muenchen-undercover-mitten-in-muenchen-magazin","status":"publish","type":"post","link":"https:\/\/www.europesays.com\/de\/1231814\/","title":{"rendered":"Hotel &#8222;Alpami&#8220; in M\u00fcnchen: Undercover mitten in M\u00fcnchen &#8211; Magazin"},"content":{"rendered":"<p>S<\/p>\n<p data-manual=\"paragraph\" data-schema-org-speakable=\"true\" class=\"css-1eosz7k\">Sind wir hier richtig? Vor uns ein leeres Schaufenster, eingelassen in eine Betonfassade. Links eine Doppelfl\u00fcgelt\u00fcr aus silbern gl\u00e4nzendem Metall, verriegelt. Doch wie angek\u00fcndigt, l\u00e4sst sie sich leicht \u00f6ffnen, mit einem Wischen auf dem Handy. Also treten wir ein in das \u00bbAlpami\u00ab, untergebracht in einem ehemaligen Postamt aus den Drei\u00dfiger\u00adjahren, mitten in <a href=\"https:\/\/www.sueddeutsche.de\/magazin\/thema\/M%C3%BCnchen\" rel=\"nofollow noopener\" target=\"_blank\">M\u00fcnchen<\/a> gelegen, im Glockenbachviertel. Im <a href=\"https:\/\/www.sueddeutsche.de\/magazin\/thema\/Hotel\" rel=\"nofollow noopener\" target=\"_blank\">Hotel<\/a> gibt es einen Host als Ansprechpartner, aber keine Rezeption, keinen Fr\u00fchst\u00fccks- oder Fitnessraum. Alles ist aufs Wesentliche reduziert. Ausgelegt f\u00fcr Alleinreisende, Paare oder kleine Familien, die m\u00f6glichst unkompliziert ein paar Tage in der sch\u00f6nsten Stadt Deutschlands verbringen wollen.<\/p>\n<p data-manual=\"paragraph\" data-schema-org-speakable=\"true\" class=\"css-1eosz7k\">Vom Erdgeschoss f\u00fchrt ein Fahrstuhl, dessen T\u00fcren orangegrell leuchten, ins dritte Stockwerk, wo sich entlang schwarz gestrichener G\u00e4nge die Zimmer aneinanderreihen. Jedes einzelne ist schlicht, aber hip eingerichtet: Stahlbetondecken, von denen Leuchtseile baumeln, der Boden aus Parkett, auf der schmalen Wandkonsole eine kleine Kaffeemaschine.<\/p>\n<p data-manual=\"paragraph\" data-schema-org-speakable=\"true\" class=\"css-1eosz7k\">Das \u00bbAlpami\u00ab hat das \u00bbFlushing Meadows\u00ab beerbt, ein Hotel, das bis 2025 am selben Ort G\u00e4ste empfing. Vieles wurde erneuert \u2013 auch die Bar, die sich neben weiteren Zimmern im vierten Stockwerk befindet. Unter dem Namen \u00bbF32\u00ab soll sie im August neu er\u00f6ffnen. Von der dazugeh\u00f6rigen Dachterrasse kann man einen Blick auf die zwei T\u00fcrme der Maximilianskirche werfen, die in den m\u00fcnchnerisch blauen Sommerhimmel ragen.<\/p>\n<p><img decoding=\"async\" src=\"https:\/\/www.europesays.com\/de\/wp-content\/uploads\/2026\/08\/d401daa1-65f7-41b6-96ee-7ed3fcfaf58e.jpg\"   alt=\"Die moderne Farbauswahl l\u00e4sst auch das Badezimmer hipper wirken.\" loading=\"lazy\" class=\"css-8atqhb\"\/>Die moderne Farbauswahl l\u00e4sst auch das Badezimmer hipper wirken. Foto: Simon Gehr<\/p>\n<p data-manual=\"paragraph\" data-schema-org-speakable=\"true\" class=\"css-1eosz7k\">Alpami Glockenbach<br \/>Fraunhoferstr. 32<br \/>80469 M\u00fcnchen<br \/>Tel. 089\/38 03 06 99<br \/>Doppelzimmer ab 142 Euro pro Nacht<br \/><a href=\"https:\/\/www.alpami.de\/?p=base&amp;c=search&amp;lg=de-DE\" target=\"_blank\" rel=\"nofollow noopener\">alpami.de<\/a><\/p>\n<p>Hinweis<\/p>\n<p data-manual=\"paragraph\" data-schema-org-speakable=\"true\" class=\"css-1eosz7k\">Weitere \u00bb<a href=\"https:\/\/www.sueddeutsche.de\/magazin\/thema\/Hotel_Europa\" rel=\"nofollow noopener\" target=\"_blank\">Hotel Europa<\/a>\u00ab-Empfehlungen der Redaktion finden Sie unter <a href=\"https:\/\/www.sueddeutsche.de\/magazin\/thema\/Hotel_Europa\" rel=\"nofollow noopener\" target=\"_blank\">sz-magazin.de\/hoteleuropa<\/a>. In manchen F\u00e4llen folgt eine Besprechung auf Einladung des jeweiligen Hotels. Die Bewertung der Redaktion ist davon grunds\u00e4tzlich unabh\u00e4ngig.<\/p>\n","protected":false},"excerpt":{"rendered":"S Sind wir hier richtig? Vor uns ein leeres Schaufenster, eingelassen in eine Betonfassade. Links eine Doppelfl\u00fcgelt\u00fcr aus&hellip;\n","protected":false},"author":2,"featured_media":1231815,"comment_status":"","ping_status":"","sticky":false,"template":"","format":"standard","meta":{"footnotes":"","_share_on_mastodon":"0"},"categories":[3933],"tags":[331,332,548,663,158,3934,3935,13,6306,182119,241753,29975,1268,14,15,12,149],"class_list":["post-1231814","post","type-post","status-publish","format-standard","has-post-thumbnail","category-eu","tag-aktuelle-nachrichten","tag-aktuelle-news","tag-eu","tag-europa","tag-europaeische-union","tag-europe","tag-european-union","tag-headlines","tag-hotel","tag-hotel-europa","tag-hotel-muenchen","tag-hoteltipp","tag-muenchen","tag-nachrichten","tag-news","tag-schlagzeilen","tag-sueddeutsche-zeitung"],"share_on_mastodon":{"url":"https:\/\/pubeurope.com\/@de\/117083333478531251","error":""},"_links":{"self":[{"href":"https:\/\/www.europesays.com\/de\/wp-json\/wp\/v2\/posts\/1231814","targetHints":{"allow":["GET"]}}],"collection":[{"href":"https:\/\/www.europesays.com\/de\/wp-json\/wp\/v2\/posts"}],"about":[{"href":"https:\/\/www.europesays.com\/de\/wp-json\/wp\/v2\/types\/post"}],"author":[{"embeddable":true,"href":"https:\/\/www.europesays.com\/de\/wp-json\/wp\/v2\/users\/2"}],"replies":[{"embeddable":true,"href":"https:\/\/www.europesays.com\/de\/wp-json\/wp\/v2\/comments?post=1231814"}],"version-history":[{"count":0,"href":"https:\/\/www.europesays.com\/de\/wp-json\/wp\/v2\/posts\/1231814\/revisions"}],"wp:featuredmedia":[{"embeddable":true,"href":"https:\/\/www.europesays.com\/de\/wp-json\/wp\/v2\/media\/1231815"}],"wp:attachment":[{"href":"https:\/\/www.europesays.com\/de\/wp-json\/wp\/v2\/media?parent=1231814"}],"wp:term":[{"taxonomy":"category","embeddable":true,"href":"https:\/\/www.europesays.com\/de\/wp-json\/wp\/v2\/categories?post=1231814"},{"taxonomy":"post_tag","embeddable":true,"href":"https:\/\/www.europesays.com\/de\/wp-json\/wp\/v2\/tags?post=1231814"}],"curies":[{"name":"wp","href":"https:\/\/api.w.org\/{rel}","templated":true}]}}