{"id":1231818,"date":"2026-08-12T15:52:20","date_gmt":"2026-08-12T15:52:20","guid":{"rendered":"https:\/\/www.europesays.com\/de\/1231818\/"},"modified":"2026-08-12T15:52:20","modified_gmt":"2026-08-12T15:52:20","slug":"sachsen-anhalt-polizei-funktionaer-wiegelt-ost-kollegen-gegen-afd-auf-politik","status":"publish","type":"post","link":"https:\/\/www.europesays.com\/de\/1231818\/","title":{"rendered":"Sachsen-Anhalt: Polizei-Funktion\u00e4r wiegelt Ost-Kollegen gegen AfD auf | Politik"},"content":{"rendered":"<p><a class=\"skip-content skip-content--link\" href=\"#in-content-skip-link-target-v-0-0\">TTS-Player \u00fcberspringen\u21b5<\/a><a id=\"in-content-skip-link-target-v-0-0\" class=\"skip-content--target-link-hidden skip-content skip-content--target-link\" href=\"#in-content-skip-link-target-v-0-0\">Artikel weiterlesen<\/a><\/p>\n<p data-83f060b9=\"0-4227\">Berlin\/Magdeburg \u2013 <b>Am 6. September wird in Sachsen-Anhalt gew\u00e4hlt. Dort k\u00f6nnte die AfD sogar die absolute Mehrheit holen und damit alleine die Regierung stellen. Davor warnt jetzt der Vizevorsitzende der Polizeigewerkschaft GdP \u2013 und fordert: Polizisten sollten sich schon jetzt auf einen m\u00f6glichen AfD-Innenminister vorbereiten. In einem solchen Fall k\u00f6nne es gar zu einem \u201einneren Notstand\u201c kommen, gegen den die Polizei dann vorgehen m\u00fcsse.<\/b><\/p>\n<p data-83f060b9=\"0-4227\">Unter der \u00dcberschrift \u201eRichtig Nein sagen\u201c wiegelt GdP-Vize Sven H\u00fcber seine Kollegen in Sachsen-Anhalt gegen die AfD auf. Schon die Wahl der Rechten sei f\u00fcr Polizisten ein \u201eabsolutes No-Go\u201c. Und: \u201eEine AfD-Machtergreifung entbindet keinen Beamten von seinem Eid auf den Schutz der Verfassung\u201c, so H\u00fcber. Neutral ist der Gewerkschafter damit nicht\u00a0\u2013 so beschreibt der Begriff \u201eMachtergreifung\u201c normalerweise den Beginn der Nazi-Diktatur 1933 mit der Ernennung Hitlers zum Reichskanzler. <\/p>\n<p><img decoding=\"async\" width=\"992\" height=\"558\" alt=\"Sven H\u00fcber ist seit 2022 Vize-Vorsitzender der Gewerkschaft der Polizei (GdP, rund 200.000 Mitglieder)\" loading=\"lazy\" src=\"https:\/\/www.europesays.com\/de\/wp-content\/uploads\/2026\/08\/43d223080fb6985bbae1dd9282554a96,b2d7a877.jpeg\"   class=\"landscape\"\/><\/p>\n<p class=\"fig__caption__text\">Sven H\u00fcber ist seit 2022 Vize-Vorsitzender der Gewerkschaft der Polizei (GdP, rund 200.000 Mitglieder)<\/p>\n<p>Foto: IMAGO\/Metodi Popow<\/p>\n<p data-83f060b9=\"0-4227\">In Bezug auf <a href=\"https:\/\/www.bild.de\/regional\/sachsen-anhalt\/sachsen-anhalt\/home-54527072.bild.html\" class=\"text-link\" rel=\"nofollow noopener\" target=\"_blank\">Sachsen-Anhalt<\/a> k\u00f6nnte es laut H\u00fcber nach der <a href=\"https:\/\/www.bild.de\/politik\/inland\/umfrage-zu-sachsen-anhalt-afd-uneinholbar-vorn-6a76eea84d862f0827f01913\" class=\"text-link\" rel=\"nofollow noopener\" target=\"_blank\">Wahl<\/a> dazu kommen, dass \u201eeine Landesregierung die verfassungsm\u00e4\u00dfige Ordnung untergr\u00e4bt oder die sie tragende Partei verboten wird\u201c. Dann k\u00f6nnte ein \u201einnerer Notstand\u201c eintreten. Normalerweise f\u00fcr den Fall von Aufst\u00e4nden in einzelnen Bundesl\u00e4ndern gedacht, k\u00f6nnte laut Grundgesetz (Paragraf 91) dann die Bundesregierung eingreifen, um die freiheitliche Grundordnung zu sch\u00fctzen.<\/p>\n<p data-83f060b9=\"0-4227\">Das w\u00e4re dann ein Fall f\u00fcr die <a href=\"https:\/\/www.bild.de\/regional\/aktuelles\/polizei\/polizeieinsatz-alle-infos-76681760.bild.html\" class=\"text-link\" rel=\"nofollow noopener\" target=\"_blank\">Polizei<\/a>, meint der GdP-Vize und fordert seine Kollegen auf: \u201eDie Bereitschaftspolizeien m\u00fcssen so stark und so vorbereitet sein, um auf die Weisung des Bundesinnenministers (&#8230;) mit polizeilichen Mitteln die verfassungsm\u00e4\u00dfige Ordnung wiederherstellen zu k\u00f6nnen.\u201c Es sei \u201ef\u00fcr die Polizeif\u00fchrungsgremien h\u00f6chste Zeit, sich vorzubereiten\u201c, um f\u00fcr solche Eins\u00e4tze \u201egewappnet\u201c zu sein.<\/p>\n<p>\u201eUnsinn\u201c! Professor rechnet mit Polizei-Funktion\u00e4r ab<\/p>\n<p data-83f060b9=\"0-4227\">Scharfe Kritik kommt von Prof. Volker Boehme-Ne\u00dfler, einem der angesehensten Verfassungsrechtler in <a href=\"https:\/\/www.bild.de\/themen\/orte\/deutschland\/nachrichten-news-fotos-videos-17266634.bild.html\" class=\"text-link\" rel=\"nofollow noopener\" target=\"_blank\">Deutschland<\/a>. H\u00fcbers Aussagen seien \u201everfassungsrechtlicher Unsinn\u201c und \u201eunverantwortliche Panikmache\u201c.<\/p>\n<p><img decoding=\"async\" width=\"992\" height=\"558\" alt=\"Verfassungsrechtler Prof. Volker Boehme-Ne\u00dfler (Uni Oldenburg) kritisiert die Aussagen des GdP-Vizes\" loading=\"lazy\" src=\"https:\/\/www.europesays.com\/de\/wp-content\/uploads\/2026\/08\/833b744809187561c4cd311876162ed0,6127f241.jpeg\"   class=\"landscape\"\/><\/p>\n<p class=\"fig__caption__text\">Verfassungsrechtler Prof. Volker Boehme-Ne\u00dfler (Uni Oldenburg) kritisiert die Aussagen des GdP-Vizes<\/p>\n<p>Foto: Volker Boehme-Ne\u00dfler<\/p>\n<p data-83f060b9=\"0-4227\">\u201eNat\u00fcrlich m\u00fcssen <a href=\"https:\/\/www.bild.de\/themen\/ereignisse\/polizistenmord\/nachrichten-news-fotos-videos-20914654.bild.html\" class=\"text-link\" rel=\"nofollow noopener\" target=\"_blank\">Polizisten<\/a> verfassungstreu sein\u201c, sagt Boehme-Ne\u00dfler im Gespr\u00e4ch mit BILD. Aber: \u201eDie blo\u00dfe Mitgliedschaft und schon gar nicht die Wahl einer nicht verbotenen Partei wie der <a href=\"https:\/\/www.bild.de\/politik\/inland\/alternative-fuer-deutschland\/afd-alle-infos-76662060.bild.html\" class=\"text-link\" rel=\"nofollow noopener\" target=\"_blank\">AfD<\/a> kann in keiner Weise Zweifel an der Verfassungstreue eines Polizisten rechtfertigen\u201c, so der Verfassungs-Experte.<\/p>\n<p data-83f060b9=\"0-4227\">Der \u201einnere Staatsnotstand\u201c, auf den sich der Gewerkschafter beruft, trete erst bei \u201edrohender Gefahr f\u00fcr den Bestand der Bundesrepublik\u201c ein \u2013 \u201ewenn es also darum geht, ob unser Land untergeht oder nicht\u201c, erkl\u00e4rt Boehme-Ne\u00dfler. \u201eDiese Gefahr ist auch bei einem AfD-Innenminister in einem Bundesland nicht zu erwarten.\u201c Wenn einzelne Landesgesetze gegen die Bundesgesetze versto\u00dfen w\u00fcrden, k\u00f6nnte die <a href=\"https:\/\/www.bild.de\/politik\/inland\/bundesregierung\/bundesregierung-alle-infos-78491630.bild.html\" class=\"text-link\" rel=\"nofollow noopener\" target=\"_blank\">Bundesregierung<\/a> sie durch den \u201eBundeszwang\u201c wieder durchsetzen.<\/p>\n<p>\u201eGanz problematischer Manipulationsversuch\u201c<\/p>\n<p data-83f060b9=\"0-4227\">Boehme-Ne\u00dfler deutlich: \u201eDer Gewerkschafts-Vize betreibt hier einen ganz problematischen Manipulationsversuch, versucht Polizisten mit Verweis auf ihre Beamtenpflicht unter Druck zu setzen und sie bei ihrer Wahl zu beeinflussen.\u201c H\u00fcbers Vorsto\u00df sei, so der Professor zu BILD, \u201enicht nur falsch, sondern demokratiefeindlich und undemokratisch\u201c.<\/p>\n<p>Mehr zum Thema<\/p>\n<p data-83f060b9=\"0-4227\">So sieht man es auch bei der zweitgr\u00f6\u00dften Polizeigewerkschaft DPolG. Deren Vorsitzender Heiko Teggatz zu BILD: \u201eIch kann meine Kolleginnen und Kollegen nur warnen, den Worten von Herrn H\u00fcber allzu viel Bedeutung zu schenken. Unser <a href=\"https:\/\/www.bild.de\/themen\/specials\/grundgesetz\/nachrichten-politik-gesellschaft-news-fotos-videos-20915182.bild.html\" class=\"text-link\" rel=\"nofollow noopener\" target=\"_blank\">Grundgesetz<\/a> bietet zahlreiche M\u00f6glichkeiten, sich gegen Angriffe zu verteidigen. <a href=\"https:\/\/www.bild.de\/themen\/organisationen\/gewerkschaften\/news-fotos-videos-17019842.bild.html\" class=\"text-link\" rel=\"nofollow noopener\" target=\"_blank\">Gewerkschaften<\/a> haben die Aufgabe, sich f\u00fcr Verbesserungen der Arbeitsbedingungen und der Bezahlung ihrer Mitglieder einzusetzen.\u201c<\/p>\n<p>GdP-Vize diente fr\u00fcher bei den DDR-Grenztruppen<\/p>\n<p data-83f060b9=\"0-4227\">\u00dcbrigens: Sven H\u00fcber diente bis zum Mauerfall 1989 als Politoffizier bei den Grenztruppen der DDR. Nach der Wiedervereinigung setzte er seine Karriere beim Bundesgrenzschutz, der heutigen <a href=\"https:\/\/www.bild.de\/politik\/inland\/bundespolizei\/thema-bundespolizei-alle-infos-79972208.bild.html\" class=\"text-link\" rel=\"nofollow noopener\" target=\"_blank\">Bundespolizei<\/a>, fort. Und das trotz seiner fr\u00fcheren Diplomarbeit an der DDR-Offiziershochschule \u201eRosa Luxemburg\u201c mit dem Titel \u201eDer Bundesgrenzschutz als Instrument imperialistischer Macht- und Herrschaftssicherung\u201c. Er trat 1990 in die GdP ein, ist seit 2022 im Rang eines Ersten Polizeihauptkommissars Vize-Vorsitzender.<\/p>\n","protected":false},"excerpt":{"rendered":"TTS-Player \u00fcberspringen\u21b5Artikel weiterlesen Berlin\/Magdeburg \u2013 Am 6. September wird in Sachsen-Anhalt gew\u00e4hlt. Dort k\u00f6nnte die AfD sogar die&hellip;\n","protected":false},"author":2,"featured_media":1231819,"comment_status":"","ping_status":"","sticky":false,"template":"","format":"standard","meta":{"footnotes":"","_share_on_mastodon":"0"},"categories":[5],"tags":[331,332,150,3364,29,35039,30,10564,13,88844,14,15,121,770,12,138370,419],"class_list":["post-1231818","post","type-post","status-publish","format-standard","has-post-thumbnail","category-nachrichten","tag-aktuelle-nachrichten","tag-aktuelle-news","tag-alternative-fuer-deutschland","tag-de","tag-deutschland","tag-gdp","tag-germany","tag-grundgesetz","tag-headlines","tag-landtagswahlen-sachsen-anhalt","tag-nachrichten","tag-news","tag-polizei","tag-rechtsextremismus","tag-schlagzeilen","tag-team-first","tag-verfassungsschutz"],"share_on_mastodon":{"url":"https:\/\/pubeurope.com\/@de\/117083345942017032","error":""},"_links":{"self":[{"href":"https:\/\/www.europesays.com\/de\/wp-json\/wp\/v2\/posts\/1231818","targetHints":{"allow":["GET"]}}],"collection":[{"href":"https:\/\/www.europesays.com\/de\/wp-json\/wp\/v2\/posts"}],"about":[{"href":"https:\/\/www.europesays.com\/de\/wp-json\/wp\/v2\/types\/post"}],"author":[{"embeddable":true,"href":"https:\/\/www.europesays.com\/de\/wp-json\/wp\/v2\/users\/2"}],"replies":[{"embeddable":true,"href":"https:\/\/www.europesays.com\/de\/wp-json\/wp\/v2\/comments?post=1231818"}],"version-history":[{"count":0,"href":"https:\/\/www.europesays.com\/de\/wp-json\/wp\/v2\/posts\/1231818\/revisions"}],"wp:featuredmedia":[{"embeddable":true,"href":"https:\/\/www.europesays.com\/de\/wp-json\/wp\/v2\/media\/1231819"}],"wp:attachment":[{"href":"https:\/\/www.europesays.com\/de\/wp-json\/wp\/v2\/media?parent=1231818"}],"wp:term":[{"taxonomy":"category","embeddable":true,"href":"https:\/\/www.europesays.com\/de\/wp-json\/wp\/v2\/categories?post=1231818"},{"taxonomy":"post_tag","embeddable":true,"href":"https:\/\/www.europesays.com\/de\/wp-json\/wp\/v2\/tags?post=1231818"}],"curies":[{"name":"wp","href":"https:\/\/api.w.org\/{rel}","templated":true}]}}