{"id":1231902,"date":"2026-08-12T16:40:24","date_gmt":"2026-08-12T16:40:24","guid":{"rendered":"https:\/\/www.europesays.com\/de\/1231902\/"},"modified":"2026-08-12T16:40:24","modified_gmt":"2026-08-12T16:40:24","slug":"esther-sedlaczek-bekommt-neuen-top-job-freue-mich-sehr-darauf-sport","status":"publish","type":"post","link":"https:\/\/www.europesays.com\/de\/1231902\/","title":{"rendered":"Esther Sedlaczek bekommt neuen Top-Job! \u201eFreue mich sehr darauf\u201c | Sport"},"content":{"rendered":"<p><a class=\"skip-content skip-content--link\" href=\"#in-content-skip-link-target-v-0-0\">TTS-Player \u00fcberspringen\u21b5<\/a><a id=\"in-content-skip-link-target-v-0-0\" class=\"skip-content--target-link-hidden skip-content skip-content--target-link\" href=\"#in-content-skip-link-target-v-0-0\">Artikel weiterlesen<\/a><\/p>\n<p data-21134c99=\"0-2172\"><b>Der SPORT BILD-Award bekommt eine neue Gastgeberin! Sportschau-Moderatorin Esther Sedlaczek (40) wird am 31. August erstmals durch die festliche Gala in Hamburg f\u00fchren. Der renommierteste Sport-Preis Deutschlands findet traditionell in der historischen Fischauktionshalle statt. Auf der B\u00fchne \u00fcbergibt Sedlaczek dann zusammen mit SPORT BILD-Chefredakteur Henning Feindt (44) die begehrten Troph\u00e4en.<\/b><\/p>\n<p data-21134c99=\"0-2172\">\u201eIch freue mich sehr darauf, dieses Jahr den SPORT BILD-Award moderieren zu d\u00fcrfen\u201c, sagt <a href=\"https:\/\/www.bild.de\/unterhaltung\/stars-und-leute\/esther-sedlaczek-im-steckbrief-sportmoderatorin-im-ueberblick-667a8352b693e33a5083decf\" class=\"text-link\" rel=\"nofollow noopener\" target=\"_blank\">Sedlaczek<\/a>. \u201eDer Award ist einer der gro\u00dfen Sport-Medien-Awards in Deutschland und eine absolute Institution, den man nicht alle Tage moderieren darf.\u201c<\/p>\n<p>Sedlaczek: \u201eKann emotional werden\u201c<\/p>\n<p data-21134c99=\"0-2172\">Sie hat sich f\u00fcr die neue Aufgabe einiges vorgenommen: \u201eAuf der B\u00fchne bzw. bei Moderation finde ich es wichtig, authentisch zu sein und dies auch r\u00fcberzubringen. An sich ist der SPORT BILD-Award ja eine eher lockere Veranstaltung, bei der wahnsinnig tolle Sportlerinnen und Sportler ausgezeichnet werden. Da kann es an der einen oder anderen Stelle auch mal emotional werden. Gerade, wenn ich an die Preistr\u00e4ger f\u00fcr den Legenden-Award denke.\u201c<\/p>\n<p><img decoding=\"async\" width=\"992\" height=\"558\" alt=\"Sedlaczek war auch bei der WM 2026 wieder mit Experte Bastian Schweinsteiger (42) bei der ARD im Einsatz\" loading=\"lazy\" src=\"https:\/\/www.europesays.com\/de\/wp-content\/uploads\/2026\/08\/0171422446dd76ee558dc76d65961ee1,37da2cd6.jpeg\"   class=\"landscape\"\/><\/p>\n<p class=\"fig__caption__text\">Erfolgsduo der ARD: Sedlaczek war auch bei der WM 2026 wieder mit Experte Bastian Schweinsteiger (42) im Einsatz<\/p>\n<p>Foto: Federico Gambarini\/dpa<\/p>\n<p data-21134c99=\"0-2172\">Bereits seit 2003 wird der SPORT BILD-Award ausgetragen. Unter den zahlreichen Gewinnern sind solche Stars wie Franz Beckenbauer, <a href=\"https:\/\/www.bild.de\/sport\/leute\/juergen-klopp\/juergen-klopp-alle-infos-76678944.bild.html\" class=\"text-link\" rel=\"nofollow noopener\" target=\"_blank\">J\u00fcrgen Klopp<\/a>, Boris Becker, <a href=\"https:\/\/www.bild.de\/themen\/personen\/michael-schumacher\/formel-1-nachrichten-news-fotos-videos-15802454.bild.html\" class=\"text-link\" rel=\"nofollow noopener\" target=\"_blank\">Michael Schumacher<\/a>, Dirk Nowitzki, die Klitschko-Br\u00fcder und Katarina Witt.<\/p>\n<p>2023 gewann Sedlaczek den Award<\/p>\n<p data-21134c99=\"0-2172\">\u201eFr\u00fcher \u2013 als ich noch das Zweitliga-Topspiel am Montag moderiert habe \u2013 musste ich leider meist absagen\u201c, sagt die ARD-Moderatorin. \u201eSeit einigen Jahren bin ich aber regelm\u00e4\u00dfig zu Gast. Der SPORT BILD-Award geh\u00f6rt ganz klar zu meinen Pflichtterminen im Jahr. Ganz aktuell ist mir die sehr emotionale Laudatio von J\u00fcrgen Klopp f\u00fcr <a href=\"https:\/\/www.bild.de\/unterhaltung\/leute\/boris-becker\/thema-boris-becker-alle-infos-79964872.bild.html\" class=\"text-link\" rel=\"nofollow noopener\" target=\"_blank\">Boris Becker<\/a> (Legenden-Award f\u00fcr das Lebenswerk; d. Red.) im vergangenen Jahr in Erinnerung. Ich kann mich aber nat\u00fcrlich auch noch ganz gut an meinen eigenen Award vor drei Jahren erinnern.\u201c<\/p>\n<p data-21134c99=\"0-2172\">2023 wurde Sedlaczek selbst in der Kategorie TV ausgezeichnet, gemeinsam mit Bastian Schweinsteiger. Geehrt wurde das Duo insbesondere f\u00fcr die Berichterstattung von der Fu\u00dfball-WM 2022 in Katar und die viel beachteten Interviews nach dem deutschen WM-Aus.<\/p>\n","protected":false},"excerpt":{"rendered":"TTS-Player \u00fcberspringen\u21b5Artikel weiterlesen Der SPORT BILD-Award bekommt eine neue Gastgeberin! Sportschau-Moderatorin Esther Sedlaczek (40) wird am 31. August&hellip;\n","protected":false},"author":2,"featured_media":1231903,"comment_status":"","ping_status":"","sticky":false,"template":"","format":"standard","meta":{"footnotes":"","_share_on_mastodon":"0"},"categories":[136],"tags":[1263,22190,29,538,30,28268,7645,9662,5134,1258,265,7657,1576,4206],"class_list":["post-1231902","post","type-post","status-publish","format-standard","has-post-thumbnail","category-sport","tag-aufmacher-bereich","tag-becker-boris","tag-deutschland","tag-erste-bundesliga","tag-germany","tag-heft-uebernahme-spobi","tag-klopp-juergen","tag-no-sport-app","tag-quad-teaser","tag-sedlaczek-esther","tag-sport","tag-sport-bild","tag-super-a-teaser","tag-tennis"],"share_on_mastodon":{"url":"","error":""},"_links":{"self":[{"href":"https:\/\/www.europesays.com\/de\/wp-json\/wp\/v2\/posts\/1231902","targetHints":{"allow":["GET"]}}],"collection":[{"href":"https:\/\/www.europesays.com\/de\/wp-json\/wp\/v2\/posts"}],"about":[{"href":"https:\/\/www.europesays.com\/de\/wp-json\/wp\/v2\/types\/post"}],"author":[{"embeddable":true,"href":"https:\/\/www.europesays.com\/de\/wp-json\/wp\/v2\/users\/2"}],"replies":[{"embeddable":true,"href":"https:\/\/www.europesays.com\/de\/wp-json\/wp\/v2\/comments?post=1231902"}],"version-history":[{"count":0,"href":"https:\/\/www.europesays.com\/de\/wp-json\/wp\/v2\/posts\/1231902\/revisions"}],"wp:featuredmedia":[{"embeddable":true,"href":"https:\/\/www.europesays.com\/de\/wp-json\/wp\/v2\/media\/1231903"}],"wp:attachment":[{"href":"https:\/\/www.europesays.com\/de\/wp-json\/wp\/v2\/media?parent=1231902"}],"wp:term":[{"taxonomy":"category","embeddable":true,"href":"https:\/\/www.europesays.com\/de\/wp-json\/wp\/v2\/categories?post=1231902"},{"taxonomy":"post_tag","embeddable":true,"href":"https:\/\/www.europesays.com\/de\/wp-json\/wp\/v2\/tags?post=1231902"}],"curies":[{"name":"wp","href":"https:\/\/api.w.org\/{rel}","templated":true}]}}