{"id":123202,"date":"2025-05-19T15:49:09","date_gmt":"2025-05-19T15:49:09","guid":{"rendered":"https:\/\/www.europesays.com\/de\/123202\/"},"modified":"2025-05-19T15:49:09","modified_gmt":"2025-05-19T15:49:09","slug":"mehr-sicherheit-fuer-die-freie-kulturszene","status":"publish","type":"post","link":"https:\/\/www.europesays.com\/de\/123202\/","title":{"rendered":"Mehr Sicherheit f\u00fcr die freie Kulturszene"},"content":{"rendered":"<p class=\"text_ohne_einzug richtext text-em-55 !leading-serif mx-6 desktop:mx-0\"> Die freie Kulturszene in D\u00fcsseldorf bekommt eine bislang nicht gekannte Planungssicherheit. M\u00f6glich wird dies durch einen Antrag der SPD im vorigen Jahr, der im Zuge der Opern-Debatte gestellt wurde. Die Vereine und Initiativen sollen k\u00fcnftig nicht nur f\u00fcr ein Jahr Zusch\u00fcsse zugesprochen bekommen, sondern f\u00fcr drei Jahre eine Zusage erhalten. Wegen der allseits steigenden Kosten sollen die Zusch\u00fcsse sogar dynamisiert werden, sie steigen also im zweiten und dritten Jahr um jeweils zwei Prozent an.<\/p>\n","protected":false},"excerpt":{"rendered":"Die freie Kulturszene in D\u00fcsseldorf bekommt eine bislang nicht gekannte Planungssicherheit. M\u00f6glich wird dies durch einen Antrag der&hellip;\n","protected":false},"author":2,"featured_media":123203,"comment_status":"","ping_status":"","sticky":false,"template":"","format":"standard","meta":{"footnotes":"","_share_on_mastodon":"0"},"categories":[1831],"tags":[10339,20168,46490,3364,29,3405,30,46487,2013,46488,46485,2075,1209,46484,46489,13205,46486],"class_list":["post-123202","post","type-post","status-publish","format-standard","has-post-thumbnail","category-duesseldorf","tag-antrag","tag-beschluss","tag-beschlussfassung","tag-de","tag-deutschland","tag-duesseldorf","tag-germany","tag-gestellt","tag-gruene","tag-kulturstandort","tag-kulturszene","tag-kunst","tag-nordrhein-westfalen","tag-planungssicherheit","tag-ratsantrags","tag-szene","tag-zuschuesse"],"share_on_mastodon":{"url":"https:\/\/pubeurope.com\/@de\/114535292455052055","error":""},"_links":{"self":[{"href":"https:\/\/www.europesays.com\/de\/wp-json\/wp\/v2\/posts\/123202","targetHints":{"allow":["GET"]}}],"collection":[{"href":"https:\/\/www.europesays.com\/de\/wp-json\/wp\/v2\/posts"}],"about":[{"href":"https:\/\/www.europesays.com\/de\/wp-json\/wp\/v2\/types\/post"}],"author":[{"embeddable":true,"href":"https:\/\/www.europesays.com\/de\/wp-json\/wp\/v2\/users\/2"}],"replies":[{"embeddable":true,"href":"https:\/\/www.europesays.com\/de\/wp-json\/wp\/v2\/comments?post=123202"}],"version-history":[{"count":0,"href":"https:\/\/www.europesays.com\/de\/wp-json\/wp\/v2\/posts\/123202\/revisions"}],"wp:featuredmedia":[{"embeddable":true,"href":"https:\/\/www.europesays.com\/de\/wp-json\/wp\/v2\/media\/123203"}],"wp:attachment":[{"href":"https:\/\/www.europesays.com\/de\/wp-json\/wp\/v2\/media?parent=123202"}],"wp:term":[{"taxonomy":"category","embeddable":true,"href":"https:\/\/www.europesays.com\/de\/wp-json\/wp\/v2\/categories?post=123202"},{"taxonomy":"post_tag","embeddable":true,"href":"https:\/\/www.europesays.com\/de\/wp-json\/wp\/v2\/tags?post=123202"}],"curies":[{"name":"wp","href":"https:\/\/api.w.org\/{rel}","templated":true}]}}