{"id":1232027,"date":"2026-08-12T18:02:17","date_gmt":"2026-08-12T18:02:17","guid":{"rendered":"https:\/\/www.europesays.com\/de\/1232027\/"},"modified":"2026-08-12T18:02:17","modified_gmt":"2026-08-12T18:02:17","slug":"himmelsschauspiel-partielle-sonnenfinsternis-platz-vor-planetarium-ueberfuellt","status":"publish","type":"post","link":"https:\/\/www.europesays.com\/de\/1232027\/","title":{"rendered":"Himmelsschauspiel: Partielle Sonnenfinsternis: Platz vor Planetarium \u00fcberf\u00fcllt"},"content":{"rendered":"<p class=\"paragraph article__item\">Kurz vor der partiellen <a class=\"rtr-entity\" href=\"https:\/\/www.zeit.de\/thema\/sonnenfinsternis\" rel=\"nofollow noopener\" target=\"_blank\">Sonnenfinsternis<\/a> haben sich im Umkreis des Planetariums in Berlin-Prenzlauer Berg hunderte Menschen eingefunden. Die Polizei versuchte, die Menschenmasse zu koordinieren. Es seien \u00abwahnsinnig viele Menschen zu dem Planetarium gekommen\u00bb, sagte ein Sprecher der Polizei. Man wolle versuchen, die Massen \u00abin geordnete Strukturen zu bekommen\u00bb. Es gehe um die \u00abreine Gefahrenabwehr\u00bb, so der Sprecher.\n<\/p>\n<p>Aktuelles<\/p>\n<p>                <a href=\"https:\/\/www.zeit.de\/wissenschaft\/umwelt\/2026-08\/sonnenfinsternis-2026-spanien-deutschland-partiell-total-gxe\" data-ct-label=\"Sonnenfinsternis: Totale Sonnenfinsternis in Teilen Europas erwartet\" data-uuid=\"45e3aead-0057-4e11-a669-1a27328ce3ce\" rel=\"nofollow noopener\" target=\"_blank\"><\/p>\n<p>                        Sonnenfinsternis:<br \/>\n                        Totale Sonnenfinsternis in Teilen Europas erwartet<\/p>\n<p>                <\/a><\/p>\n<p>                <a href=\"https:\/\/www.zeit.de\/wissen\/2026-08\/sonnenfinsternis-naturspektakel-europa-deutschland-orte\" data-ct-label=\"Sonnenfinsternis: Das m\u00fcssen Sie \u00fcber die Sonnenfinsternis wissen\" data-uuid=\"4dbfe2de-06cc-40fa-9125-13b4c8d5b77a\" rel=\"nofollow noopener\" target=\"_blank\"><\/p>\n<p>        Z+ (abopflichtiger Inhalt);<\/p>\n<p>    Sonnenfinsternis:<br \/>\n                        Das m\u00fcssen Sie \u00fcber die Sonnenfinsternis wissen<\/p>\n<p>                <\/a><\/p>\n<p>                <a href=\"https:\/\/www.zeit.de\/wissenschaft\/2026-08\/fakten-sonnenfinsternis-licht-mond-turnus\" data-ct-label=\"Fakten zur Sonnenfinsternis: 20 Fakten, mit denen Sie beim Sonnenfinsternis-Gucken angeben k\u00f6nnen\" data-uuid=\"344c944d-b7fe-4f23-8bd8-579f1c60f89a\" rel=\"nofollow noopener\" target=\"_blank\"><\/p>\n<p>        Z+ (abopflichtiger Inhalt);<\/p>\n<p>    Fakten zur Sonnenfinsternis:<br \/>\n                        20 Fakten, mit denen Sie beim Sonnenfinsternis-Gucken angeben k\u00f6nnen<\/p>\n<p>                <\/a><\/p>\n<p class=\"paragraph article__item\">Das Zeiss-Gro\u00dfplanetarium hatte damit geworben, eine kostenfreie Sonnenfinsternisbrille zur Verf\u00fcgung zu stellen. Aber nur \u00absolange der Vorrat reicht\u00bb, so die Pressesprecherin der Stiftung <a class=\"rtr-entity\" href=\"https:\/\/www.zeit.de\/thema\/planetarium\" rel=\"nofollow noopener\" target=\"_blank\">Planetarium<\/a> Berlin.\u00a0\n<\/p>\n<p class=\"paragraph article__item\">Der Bereich rund um das Zeiss-Gro\u00dfplanetarium sei derzeit \u00abstark ausgelastet\u00bb, schrieb die <a class=\"rtr-entity\" href=\"https:\/\/www.zeit.de\/thema\/polizei\" rel=\"nofollow noopener\" target=\"_blank\">Polizei<\/a> auf der Plattform \u00abX\u00bb. Mehr als 3.000 Menschen bef\u00e4nden sich bereits dort. Es komme zu Verkehrsbehinderungen und der S-Bahnhof Prenzlauer Allee sei gesperrt. \u00abAufgrund der \u00dcberf\u00fcllung bitten wir Sie dringend, nicht mehr zum Zeiss-Gro\u00dfplanetarium zu kommen. Zudem sind keine Sonnenfinsternis-Brillen mehr verf\u00fcgbar.\u00bb\n<\/p>\n<p class=\"paragraph article__item\">Ab etwa 19.15 Uhr schiebt sich der Mond vor die Sonne und sorgt f\u00fcr eine partielle Sonnenfinsternis. Das Schauspiel dauert eine Weile. Gegen 20.08 Uhr hat sich der Mond schlie\u00dflich zu etwa 85 Prozent vor die Sonne geschoben. Das ist die maximale Bedeckung, die in <a class=\"rtr-entity\" href=\"https:\/\/www.zeit.de\/thema\/berlin\" rel=\"nofollow noopener\" target=\"_blank\">Berlin<\/a> zu sehen ist. Gegen 20.37 Uhr endet das Schauspiel.\n<\/p>\n<p class=\"paragraph article__item\">\u00a9 dpa-infocom, dpa:260812-930-520752\/2<\/p>\n","protected":false},"excerpt":{"rendered":"Kurz vor der partiellen Sonnenfinsternis haben sich im Umkreis des Planetariums in Berlin-Prenzlauer Berg hunderte Menschen eingefunden. Die&hellip;\n","protected":false},"author":2,"featured_media":1232028,"comment_status":"","ping_status":"","sticky":false,"template":"","format":"standard","meta":{"footnotes":"","_share_on_mastodon":"0"},"categories":[1825],"tags":[1941,1939,296,1937,29,30,19188,1940,15,1938,76527,121,107047],"class_list":["post-1232027","post","type-post","status-publish","format-standard","has-post-thumbnail","category-berlin","tag-aktuelle-nachrichten-aus-berlin","tag-aktuelle-news-aus-berlin","tag-berlin","tag-berlin-news","tag-deutschland","tag-germany","tag-himmelsschauspiel","tag-nachrichten-aus-berlin","tag-news","tag-news-aus-berlin","tag-planetarium","tag-polizei","tag-sonnenfinsternis"],"share_on_mastodon":{"url":"https:\/\/pubeurope.com\/@de\/117083858935758622","error":""},"_links":{"self":[{"href":"https:\/\/www.europesays.com\/de\/wp-json\/wp\/v2\/posts\/1232027","targetHints":{"allow":["GET"]}}],"collection":[{"href":"https:\/\/www.europesays.com\/de\/wp-json\/wp\/v2\/posts"}],"about":[{"href":"https:\/\/www.europesays.com\/de\/wp-json\/wp\/v2\/types\/post"}],"author":[{"embeddable":true,"href":"https:\/\/www.europesays.com\/de\/wp-json\/wp\/v2\/users\/2"}],"replies":[{"embeddable":true,"href":"https:\/\/www.europesays.com\/de\/wp-json\/wp\/v2\/comments?post=1232027"}],"version-history":[{"count":0,"href":"https:\/\/www.europesays.com\/de\/wp-json\/wp\/v2\/posts\/1232027\/revisions"}],"wp:featuredmedia":[{"embeddable":true,"href":"https:\/\/www.europesays.com\/de\/wp-json\/wp\/v2\/media\/1232028"}],"wp:attachment":[{"href":"https:\/\/www.europesays.com\/de\/wp-json\/wp\/v2\/media?parent=1232027"}],"wp:term":[{"taxonomy":"category","embeddable":true,"href":"https:\/\/www.europesays.com\/de\/wp-json\/wp\/v2\/categories?post=1232027"},{"taxonomy":"post_tag","embeddable":true,"href":"https:\/\/www.europesays.com\/de\/wp-json\/wp\/v2\/tags?post=1232027"}],"curies":[{"name":"wp","href":"https:\/\/api.w.org\/{rel}","templated":true}]}}