{"id":123220,"date":"2025-05-19T15:59:09","date_gmt":"2025-05-19T15:59:09","guid":{"rendered":"https:\/\/www.europesays.com\/de\/123220\/"},"modified":"2025-05-19T15:59:09","modified_gmt":"2025-05-19T15:59:09","slug":"hamburg-schleswig-holstein-aufstiegsparty-hsv-verwandelt-innenstadt-in-partymeile","status":"publish","type":"post","link":"https:\/\/www.europesays.com\/de\/123220\/","title":{"rendered":"Hamburg &#038; Schleswig-Holstein: Aufstiegsparty: HSV verwandelt Innenstadt in Partymeile"},"content":{"rendered":"<p>                    Hamburg &amp; Schleswig-Holstein<br \/>\n                Aufstiegsparty: HSV verwandelt Innenstadt in Partymeile<\/p>\n<p>\t\t\t\t              19.05.2025, 17:47 Uhr<\/p>\n<p><strong>Der HSV l\u00e4sst sich f\u00fcr den Doppelaufstieg der Frauen und M\u00e4nner in die Bundesliga feiern. Zehntausende Fans str\u00f6men in die Hamburger Innenstadt &#8211; und bejubeln den norddeutschen Traditionsclub.<\/strong><\/p>\n<p>Hamburg (dpa\/lno) &#8211; Blau-wei\u00dfer Rauch, lautstarke Sprechch\u00f6re und ausgelassene Stimmung: Zehntausende Fans des Hamburger SV haben die Innenstadt der Hansestadt in eine rauschhafte Partymeile verwandelt. Die feierw\u00fctigen Fans w\u00fcrdigten den Doppelaufstieg der M\u00e4nner und Frauen in die Bundesliga.\u00a0<\/p>\n<p>&#8222;Wir haben Zehntausende, Hunderttausende HSVer gl\u00fccklich gemacht. Das bleibt f\u00fcr immer bestehen&#8220;, sagte Trainer Merlin Polzin w\u00e4hrend seiner Rede im Rathaus. Er versprach einen &#8222;neuen HSV&#8220; bei der R\u00fcckkehr in die Bundesliga im Vergleich zur Abstiegsmannschaft von vor sieben Jahren. &#8222;Mit maximalem Anspruch, der n\u00f6tigen Demut und dem Respekt vor der Aufgabe&#8220;, sagte der 34-J\u00e4hrige.\u00a0<\/p>\n<p>Drinnen lauschten seine Spieler mit ihren Aufstiegsshirts, Pr\u00e4sident Marcell Jansen, die sportliche F\u00fchrung um Vorstand Stefan Kuntz, Vereinsidol Horst Hrubesch und einige Hamburger Politiker den Ausf\u00fchrungen des Trainers.\u00a0<\/p>\n<p>Knapp 40.000 Partyg\u00e4ste warteten auf dem Rathausmarkt, mehr durften nicht kommen. Der Platz wurde gro\u00dffl\u00e4chig mit Gittern und Z\u00e4unen abgesperrt. Die Polizei rechnete mit 120.000 Fans in der Innenstadt. Der HSV bat seine Anh\u00e4nger darum, sich auf der gesamten Strecke zu verteilen.\u00a0<\/p>\n<p>Schon weit vor dem offiziellen Empfang pilgerten die Fans durch die Stadt, manche sicherten sich begehrte Sitzpl\u00e4tze in benachbarten Caf\u00e9s und Restaurants. &#8222;Nie-mehr-zweite-Liga&#8220;-Ges\u00e4nge und bekannte Party-Songs wie &#8222;Sweet Caroline&#8220; tr\u00e4llerte die Party-Gemeinde.\u00a0<\/p>\n<p>Vor allem Aufstiegstrainer Polzin sicherte sich einen besonderen Platz in der Geschichte des Traditionsclubs. Als Hamburger Jung&#8216; hat er nach nur wenigen Monaten w\u00e4hrend seiner ersten Profi-Station den Club zur\u00fcck in die Beletage des deutschen Profifu\u00dfballs gef\u00fchrt. Zuvor war er als Co-Trainer unter mehreren anderen Coaches am gro\u00dfen Erfolg gescheitert. Polzin wurde Ende November nach der Trennung von Steffen Baumgart vom Co- zum Interims- und dann zum Cheftrainer bef\u00f6rdert. Er sprach von einer &#8222;unfassbaren Reise&#8220;.\u00a0<\/p>\n<p>Hamburgs Erster B\u00fcrgermeister Peter Tschentscher (SPD) empfing beide Teams im Rathaus. &#8222;Der Dino ist zur\u00fcck&#8220;, sagte er. Trotz der siebenj\u00e4hrigen Abstinenz h\u00e4tten die Fans &#8222;weiterhin die Treue gehalten&#8220;. &#8222;Heute w\u00e4re Uwe Seeler stolz auf seinen HSV&#8220;, w\u00fcrdigte Tschentscher das wohl gr\u00f6\u00dfte Vereinsidol, das 2022 im Alter von 85 Jahren gestorben war. Der &#8222;Dino&#8220; geh\u00f6re in die erste deutsche Spielklasse, stellte der Politiker klar. Dort trifft er in der kommenden Saison auch wieder auf Stadtrivale FC St. Pauli.\u00a0<\/p>\n<p>HSVer trotzen Niederlage in F\u00fcrth<\/p>\n<p>Die M\u00e4nner lie\u00dfen sich ihre Laune auch nicht durch die Pleite am Vortag bei der SpVgg Greuther F\u00fcrth (2:3) und die dadurch verpasste Zweitliga-Meisterschaft verderben. Der 1. FC K\u00f6ln zog noch am HSV vorbei und feierte als Erster den Aufstieg. In der Vorwoche hatten die Hamburger nach dem 6:1 gegen Ulm eine rauschhafte Aufstiegsparty nach sieben Jahren ohne Bundesliga gefeiert &#8211; samt Platzsturm, Autokorsos und Feierlichkeiten bis sp\u00e4t in die Nacht.<\/p>\n<p>Am Montag, neun Tage danach, folgte der zweite Teil. Nach dem offiziellen Empfang im Rathaus pr\u00e4sentierten sich die Teams den Fans. Mit Trucks zog der HSV-Tross einmal um die Binnenalster.\u00a0<\/p>\n<p>Feier geht auf Ibiza weiter<\/p>\n<p>In der n\u00e4chsten Woche wird die Mannschaft ihren gro\u00dfen Erfolg auf Ibiza feiern. Die n\u00e4chste Bundesliga-Saison beginnt mit dem Er\u00f6ffnungsspiel am 22. August.<\/p>\n<p>Offen ist noch, welche Spieler den Weg mitgehen. Der Club hat vor allem in der Defensive Nachholbedarf. Zudem ist die Zukunft von Top-Angreifer und Zweitliga-Torsch\u00fctzenk\u00f6nig Davie Selke (22 Treffer) trotz des noch ein Jahr g\u00fcltigen Vertrags nicht gekl\u00e4rt.<\/p>\n","protected":false},"excerpt":{"rendered":"Hamburg &amp; Schleswig-Holstein Aufstiegsparty: HSV verwandelt Innenstadt in Partymeile 19.05.2025, 17:47 Uhr Der HSV l\u00e4sst sich f\u00fcr den&hellip;\n","protected":false},"author":2,"featured_media":123221,"comment_status":"","ping_status":"","sticky":false,"template":"","format":"standard","meta":{"footnotes":""},"categories":[1826],"tags":[32667,29,30,692,5075,2065,25341,1971],"class_list":{"0":"post-123220","1":"post","2":"type-post","3":"status-publish","4":"format-standard","5":"has-post-thumbnail","7":"category-hamburg","8":"tag-aufstiegsparty","9":"tag-deutschland","10":"tag-germany","11":"tag-hamburg","12":"tag-hsv","13":"tag-innenstadt","14":"tag-partymeile","15":"tag-schleswig-holstein"},"share_on_mastodon":{"url":"https:\/\/pubeurope.com\/@de\/114535331735998468","error":""},"_links":{"self":[{"href":"https:\/\/www.europesays.com\/de\/wp-json\/wp\/v2\/posts\/123220","targetHints":{"allow":["GET"]}}],"collection":[{"href":"https:\/\/www.europesays.com\/de\/wp-json\/wp\/v2\/posts"}],"about":[{"href":"https:\/\/www.europesays.com\/de\/wp-json\/wp\/v2\/types\/post"}],"author":[{"embeddable":true,"href":"https:\/\/www.europesays.com\/de\/wp-json\/wp\/v2\/users\/2"}],"replies":[{"embeddable":true,"href":"https:\/\/www.europesays.com\/de\/wp-json\/wp\/v2\/comments?post=123220"}],"version-history":[{"count":0,"href":"https:\/\/www.europesays.com\/de\/wp-json\/wp\/v2\/posts\/123220\/revisions"}],"wp:featuredmedia":[{"embeddable":true,"href":"https:\/\/www.europesays.com\/de\/wp-json\/wp\/v2\/media\/123221"}],"wp:attachment":[{"href":"https:\/\/www.europesays.com\/de\/wp-json\/wp\/v2\/media?parent=123220"}],"wp:term":[{"taxonomy":"category","embeddable":true,"href":"https:\/\/www.europesays.com\/de\/wp-json\/wp\/v2\/categories?post=123220"},{"taxonomy":"post_tag","embeddable":true,"href":"https:\/\/www.europesays.com\/de\/wp-json\/wp\/v2\/tags?post=123220"}],"curies":[{"name":"wp","href":"https:\/\/api.w.org\/{rel}","templated":true}]}}