{"id":1232238,"date":"2026-08-12T20:11:21","date_gmt":"2026-08-12T20:11:21","guid":{"rendered":"https:\/\/www.europesays.com\/de\/1232238\/"},"modified":"2026-08-12T20:11:21","modified_gmt":"2026-08-12T20:11:21","slug":"paris-liebmann-schwimmt-zu-gold-mit-rekord-schwarz-holt-silber","status":"publish","type":"post","link":"https:\/\/www.europesays.com\/de\/1232238\/","title":{"rendered":"Paris | Liebmann schwimmt zu Gold mit Rekord &#8211; Schwarz holt Silber"},"content":{"rendered":"<p>Paris (dpa) &#8211; Johannes Liebmann hat EM-Gold \u00fcber 800 Meter Freistil gewonnen. Der 19-J\u00e4hrige setzte sich vor seinem Nationalteamkollegen Sven Schwarz und Zalan Sarkany aus Ungarn durch. Liebmann schlug nach 7:37,59 Minuten an und verbesserte damit seinen Europarekord vom 12. April um 0,35 Sekunden. Sein Vorsprung auf Platz zwei betrug 3,57 Sekunden.<\/p>\n<p>F\u00fcr Liebmann ist es bei seiner ersten Europameisterschaft auf der Langbahn der gr\u00f6\u00dfte Erfolg der bisherigen Karriere. Auch die Vorl\u00e4ufe am Dienstag hatte er gewonnen. \u00abIch bin es relativ z\u00fcgig angegangen, um keine Risiken einzugehen\u00bb, sagte Liebmann danach.\u00a0<\/p>\n<p>F\u00fcr Schwarz ist es ebenfalls die erste Medaille bei einer Langbahn-EM. Der Langstreckenexperte aus Hannover ist aber bereits Vizeweltmeister \u00fcber 800 und 1500 Meter Freistil.<\/p>\n","protected":false},"excerpt":{"rendered":"Paris (dpa) &#8211; Johannes Liebmann hat EM-Gold \u00fcber 800 Meter Freistil gewonnen. Der 19-J\u00e4hrige setzte sich vor seinem&hellip;\n","protected":false},"author":2,"featured_media":1232239,"comment_status":"","ping_status":"","sticky":false,"template":"","format":"standard","meta":{"footnotes":"","_share_on_mastodon":"0"},"categories":[1841],"tags":[20373,1605,3364,29,11403,663,156,30,1209],"class_list":["post-1232238","post","type-post","status-publish","format-standard","has-post-thumbnail","category-bielefeld","tag-schwimmen","tag-bielefeld","tag-de","tag-deutschland","tag-em","tag-europa","tag-frankreich","tag-germany","tag-nordrhein-westfalen"],"share_on_mastodon":{"url":"https:\/\/pubeurope.com\/@de\/117084361994971331","error":""},"_links":{"self":[{"href":"https:\/\/www.europesays.com\/de\/wp-json\/wp\/v2\/posts\/1232238","targetHints":{"allow":["GET"]}}],"collection":[{"href":"https:\/\/www.europesays.com\/de\/wp-json\/wp\/v2\/posts"}],"about":[{"href":"https:\/\/www.europesays.com\/de\/wp-json\/wp\/v2\/types\/post"}],"author":[{"embeddable":true,"href":"https:\/\/www.europesays.com\/de\/wp-json\/wp\/v2\/users\/2"}],"replies":[{"embeddable":true,"href":"https:\/\/www.europesays.com\/de\/wp-json\/wp\/v2\/comments?post=1232238"}],"version-history":[{"count":0,"href":"https:\/\/www.europesays.com\/de\/wp-json\/wp\/v2\/posts\/1232238\/revisions"}],"wp:featuredmedia":[{"embeddable":true,"href":"https:\/\/www.europesays.com\/de\/wp-json\/wp\/v2\/media\/1232239"}],"wp:attachment":[{"href":"https:\/\/www.europesays.com\/de\/wp-json\/wp\/v2\/media?parent=1232238"}],"wp:term":[{"taxonomy":"category","embeddable":true,"href":"https:\/\/www.europesays.com\/de\/wp-json\/wp\/v2\/categories?post=1232238"},{"taxonomy":"post_tag","embeddable":true,"href":"https:\/\/www.europesays.com\/de\/wp-json\/wp\/v2\/tags?post=1232238"}],"curies":[{"name":"wp","href":"https:\/\/api.w.org\/{rel}","templated":true}]}}