{"id":1232271,"date":"2026-08-12T20:35:26","date_gmt":"2026-08-12T20:35:26","guid":{"rendered":"https:\/\/www.europesays.com\/de\/1232271\/"},"modified":"2026-08-12T20:35:26","modified_gmt":"2026-08-12T20:35:26","slug":"sonnenfinsternis-50-minuten-wartezeit-fuer-die-letzten-sofi-brillen-regional","status":"publish","type":"post","link":"https:\/\/www.europesays.com\/de\/1232271\/","title":{"rendered":"Sonnenfinsternis: 50 Minuten Wartezeit f\u00fcr die letzten SoFi-Brillen | Regional"},"content":{"rendered":"<p><a class=\"skip-content skip-content--link\" href=\"#in-content-skip-link-target-v-0-0\">TTS-Player \u00fcberspringen\u21b5<\/a><a id=\"in-content-skip-link-target-v-0-0\" class=\"skip-content--target-link-hidden skip-content skip-content--target-link\" href=\"#in-content-skip-link-target-v-0-0\">Artikel weiterlesen<\/a><\/p>\n<p data-780e759e=\"0-2142\">N\u00fcrnberg (Bayern) \u2013\u00a0<b>Am Mittwochabend schiebt sich der Mond vor die Sonne \u2013 und sorgt f\u00fcr eine seltene Sonnenfinsternis kurz vor Sonnenuntergang. Millionen Menschen wollen dabei sein. Doch ein direkter Blick ist gef\u00e4hrlich. Deshalb ist der Hype um die Spezialbrillen seit Tagen ungebrochen. In Mittelfranken bildete sich eine Schlange vor einem Optiker, wie man sie sonst nur vor Konzertlocations oder Eisdielen im Sommer sieht.<\/b><\/p>\n<p data-780e759e=\"0-2142\">Etwa 250 Meter lang war die Schlange vor dem Gesch\u00e4ft von Optiker Schlemmer in der N\u00fcrnberger Innenstadt. Zahlreiche Menschen wollten sich dort noch eine der begehrten Sonnenfinsternisbrillen f\u00fcr 5 Euro sichern. Vielerorts sind diese schon seit Tagen ausverkauft.<\/p>\n<p>Der einzige Optiker mit Brillen<\/p>\n<p data-780e759e=\"0-2142\">Bei Schlemmer gibt es die Brillen noch. \u201eWir sind so ziemlich die einzigen in der Region, die noch <a href=\"https:\/\/www.bild.de\/politik\/inland\/bild-reporterin-jagt-sonnenfinsternis-warum-sie-der-sonne-um-die-welt-folgt-6a749ebb0695ba8b04105fdf\" class=\"text-link\" rel=\"nofollow noopener\" target=\"_blank\">Sonnenfinsternisbrillen<\/a> haben\u201c, sagt Augenoptikermeister Robert Wimmer zu BILD. \u201eWir haben ganz zart angefangen, mit wenig Hoffnung. Am Anfang haben wir noch gesagt: Wenn wir 100 St\u00fcck haben, das reicht. Aber dann kam seit Freitag ein riesiger Hype.\u201c Am Dienstag verkaufte der Optiker in der Stunde rund 500 Brillen. F\u00fcr Mittwoch wurden 6000 weitere Brillen per Express nachbestellt.<\/p>\n<p><img decoding=\"async\" width=\"992\" height=\"558\" alt=\"Augenoptikermeister Robert Wimmer (61) verkauft seit Tagen tausende Brillen\" loading=\"lazy\" src=\"https:\/\/www.europesays.com\/de\/wp-content\/uploads\/2026\/08\/32b17b34c72fd63699f175245fc48a51,f504c8b9.jpeg\"   class=\"landscape\"\/><\/p>\n<p class=\"fig__caption__text\">Augenoptikermeister Robert Wimmer (61) verkauft seit Tagen tausende Brillen<\/p>\n<p>Foto: Karina Palzer<\/p>\n<p data-780e759e=\"0-2142\">Warum hat der Optiker noch einmal so viele Brillen bestellt? \u201eWeil wir mutig sind. Weil wir wissen, dass es sich lohnt, neue Wege zu gehen\u201c, sagt der ehemalige Ultramarathonl\u00e4ufer. \u201eIch war fr\u00fcher Extremsportler und wei\u00df daher, dass es sich lohnt, auch mal au\u00dferordentlich mutig zu sein und was zu wagen.\u201c<\/p>\n<p>Mehr zum Thema<\/p>\n<p data-780e759e=\"0-2142\">Und auch diese 6000 Brillen sind beliebt. Bis Mittwoch 15 Uhr waren bereits 4000 St\u00fcck verkauft. Zu diesem Zeitpunkt standen weitere 300 Kunden vor dem Laden. \u201eWir haben gerade eine Wartezeit von 50 Minuten, habe ich gerade geh\u00f6rt\u201c, so Wimmer.<\/p>\n<p>Bald ausverkauft<\/p>\n<p data-780e759e=\"0-2142\">Sobald die \u00fcbrigen 2000 Brillen verkauft sind, wird es auch bei Schlemmer keine mehr geben. \u201eDamit haben wir 6000 gl\u00fcckliche Menschen mehr\u201c, so das Fazit von Wimmer. Die letzten Tage waren stressig. Der Augenoptikermeister ist trotzdem gut gelaunt. \u201eIch finde es einfach geil, dass wir in der heutigen Zeit noch so ein Gemeinschaftsgef\u00fchl entwickeln. Dass wir das <a href=\"https:\/\/www.bild.de\/leben-wissen\/digital\/am-12-august-nasa-tipps-fuer-das-perfekte-sonnenfinsternis-foto-6a79e49697ee93b7ce85509a\" class=\"text-link\" rel=\"nofollow noopener\" target=\"_blank\">als Happening sehen<\/a> und uns die <a href=\"https:\/\/www.bild.de\/leben-wissen\/reisen\/sonnenfinsternis-auf-mallorca-so-gelingen-sichere-fotos-6a3bfb6e113e90346dc4b5a2\" class=\"text-link\" rel=\"nofollow noopener\" target=\"_blank\">Sonnenfinsternis<\/a> bei einer Flasche Sekt oder guter Musik anschauen. Das ist doch toll.\u201c<\/p>\n<p><img decoding=\"async\" width=\"992\" height=\"828\" alt=\"Patricia (Flugbegleiterin) und Jereece (38, Hotelangestellter) aus Schwabach:\u201eWir wollten schon lange alle kaufen, jetzt sind wir hier kurzfristig hergekommen. ChatGPT hat uns gesagt, dass es hier noch welche gibt.Wir gehen zum Walberla. Der Berg ist ein beliebter Wanderort und liegt in einem gesch\u00fctzten Naturschutzgebiet in der Fr\u00e4nkischen Schweiz.\u201c\" loading=\"lazy\" src=\"https:\/\/www.europesays.com\/de\/wp-content\/uploads\/2026\/08\/b71409ee7e0401b8acbf8571e314b65e,56d85425.jpeg\"   class=\"dynamic\"\/><\/p>\n<p class=\"fig__caption__text\">Patricia (Flugbegleiterin) und Jereece (38, Hotelangestellter) aus Schwabach: \u201eWir wollten schon lange alle kaufen, jetzt sind wir hier kurzfristig hergekommen. ChatGPT hat uns gesagt, dass es hier noch welche gibt. Wir gehen zum Walberla. Der Berg ist ein beliebter Wanderort und liegt in einem gesch\u00fctzten Naturschutzgebiet in der Fr\u00e4nkischen Schweiz.\u201c<\/p>\n<p>Foto: Karina Palzer<\/p>\n<p><img decoding=\"async\" width=\"992\" height=\"974\" alt=\"Sandra (36, MFA) steht mit ihren drei Kindern Mellanie (12), Isabell (8) und Carmen (4) in der Schlange.\u201eWir stehen seit ungef\u00e4hr einer halben Stunde hier und haben jetzt noch etwa 20 Meter Schlange vor uns. Ich habe die Schlange zuf\u00e4llig gesehen, und die Kinder wollten die Sonnenfinsternis sehen, deshalb haben wir uns einfach angestellt. Wir gehen jetzt raus in die Natur, nehmen eine Picknickdecke mit und schauen uns die Sonnenfinsternis ganz in Ruhe an\" loading=\"lazy\" src=\"https:\/\/www.europesays.com\/de\/wp-content\/uploads\/2026\/08\/3914315e5120be3a07fa2e40303a14fb,84b3434f.jpeg\"   class=\"dynamic\"\/><\/p>\n<p class=\"fig__caption__text\">Sandra (36, MFA) steht mit ihren drei Kindern Mellanie (12), Isabell (8) und Carmen (4) in der Schlange. \u201eWir stehen seit ungef\u00e4hr einer halben Stunde hier und haben jetzt noch etwa 20 Meter Schlange vor uns. Ich habe die Schlange zuf\u00e4llig gesehen, und die Kinder wollten die Sonnenfinsternis sehen. Deshalb haben wir uns einfach angestellt. Wir gehen jetzt raus in die Natur, nehmen eine Picknickdecke mit und schauen uns die Sonnenfinsternis ganz in Ruhe an<\/p>\n<p>Foto: Karina Palzer<\/p>\n<p>Schlangestehen nach Brillen auch in Berlin<\/p>\n<p data-780e759e=\"2143-2520\">Im Zeiss-Gro\u00dfplanetarium in Berlin werden ab 17 Uhr noch kostenlose Sonnenfinsternisbrillen verteilt \u2013 solange der Vorrat reicht. Und schon jetzt hat sich eine riesige Menschenschlange gebildet.<\/p>\n<p><img decoding=\"async\" width=\"992\" height=\"558\" alt=\"In Berlin stehen Hunderte am Zeiss-Planetarium nach Brillen an\" loading=\"lazy\" src=\"https:\/\/www.europesays.com\/de\/wp-content\/uploads\/2026\/08\/5151fd1b289d30760047d62aca07ea26,34616324.jpeg\"   class=\"landscape\"\/><\/p>\n<p class=\"fig__caption__text\">In Berlin stehen Hunderte am Zeiss-Planetarium nach Brillen an <\/p>\n<p>Foto: Privat<\/p>\n","protected":false},"excerpt":{"rendered":"TTS-Player \u00fcberspringen\u21b5Artikel weiterlesen N\u00fcrnberg (Bayern) \u2013\u00a0Am Mittwochabend schiebt sich der Mond vor die Sonne \u2013 und sorgt f\u00fcr&hellip;\n","protected":false},"author":2,"featured_media":1232272,"comment_status":"","ping_status":"","sticky":false,"template":"","format":"standard","meta":{"footnotes":"","_share_on_mastodon":"0"},"categories":[1837],"tags":[772,3364,29,30,46334,6237,3783,4747,107047,138370],"class_list":["post-1232271","post","type-post","status-publish","format-standard","has-post-thumbnail","category-nuernberg","tag-bayern","tag-de","tag-deutschland","tag-germany","tag-mond","tag-natur","tag-nuernberg","tag-sonne","tag-sonnenfinsternis","tag-team-first"],"share_on_mastodon":{"url":"https:\/\/pubeurope.com\/@de\/117084470271259919","error":""},"_links":{"self":[{"href":"https:\/\/www.europesays.com\/de\/wp-json\/wp\/v2\/posts\/1232271","targetHints":{"allow":["GET"]}}],"collection":[{"href":"https:\/\/www.europesays.com\/de\/wp-json\/wp\/v2\/posts"}],"about":[{"href":"https:\/\/www.europesays.com\/de\/wp-json\/wp\/v2\/types\/post"}],"author":[{"embeddable":true,"href":"https:\/\/www.europesays.com\/de\/wp-json\/wp\/v2\/users\/2"}],"replies":[{"embeddable":true,"href":"https:\/\/www.europesays.com\/de\/wp-json\/wp\/v2\/comments?post=1232271"}],"version-history":[{"count":0,"href":"https:\/\/www.europesays.com\/de\/wp-json\/wp\/v2\/posts\/1232271\/revisions"}],"wp:featuredmedia":[{"embeddable":true,"href":"https:\/\/www.europesays.com\/de\/wp-json\/wp\/v2\/media\/1232272"}],"wp:attachment":[{"href":"https:\/\/www.europesays.com\/de\/wp-json\/wp\/v2\/media?parent=1232271"}],"wp:term":[{"taxonomy":"category","embeddable":true,"href":"https:\/\/www.europesays.com\/de\/wp-json\/wp\/v2\/categories?post=1232271"},{"taxonomy":"post_tag","embeddable":true,"href":"https:\/\/www.europesays.com\/de\/wp-json\/wp\/v2\/tags?post=1232271"}],"curies":[{"name":"wp","href":"https:\/\/api.w.org\/{rel}","templated":true}]}}