{"id":1232535,"date":"2026-08-12T23:43:19","date_gmt":"2026-08-12T23:43:19","guid":{"rendered":"https:\/\/www.europesays.com\/de\/1232535\/"},"modified":"2026-08-12T23:43:19","modified_gmt":"2026-08-12T23:43:19","slug":"tanker-caroline-bezengi-oel-aus-auf-grund-gelaufenem-tanker-erreicht-kueste-des-oman","status":"publish","type":"post","link":"https:\/\/www.europesays.com\/de\/1232535\/","title":{"rendered":"Tanker \u00bbCaroline Bezengi\u00ab: \u00d6l aus auf Grund gelaufenem Tanker erreicht K\u00fcste des Oman"},"content":{"rendered":"<p class=\"paragraph article__item\">Das aus einem auf Grund gelaufenen Tanker ausgetretene \u00d6l hat die <a href=\"https:\/\/www.zeit.de\/politik\/ausland\/2026-08\/iran-usa-oman-trump-hormus-abkommen\" target=\"_blank\" rel=\"nofollow noopener\">K\u00fcste des Oman<\/a> erreicht. Das gab die Internationale Seeschifffahrtsorganisation (IMO) der Vereinten Nationen bekannt. Str\u00e4nde in der Region Ras Madrakah seien betroffen, teilte <a class=\"rtr-entity\" href=\"https:\/\/www.zeit.de\/thema\/oman\" rel=\"nofollow noopener\" target=\"_blank\">Omans<\/a> Umweltbeh\u00f6rde laut der amtlichen Nachrichtenagentur ONA mit. Der \u00d6lteppich k\u00f6nnte demnach bis zu 40 Kilometer K\u00fcste in diesem Gebiet sowie bis zu 20 Kilometer auf der S\u00fcdseite der Insel Masirah verschmutzen.\n<\/p>\n<p class=\"paragraph article__item\">Ein Vertreter des Verkehrsministeriums sagte ONA zufolge, dass eine Eind\u00e4mmung des \u00d6lteppichs durch schwierige Wetterbedingungen erschwert werde. Auch die IMO sprach von schwierigen Wetterbedingungen. Der Zugriff auf den besch\u00e4digten Tanker sei durch den Monsun in der Region eingeschr\u00e4nkt und sorge f\u00fcr Verz\u00f6gerungen bei der Bergung, hie\u00df es.\n<\/p>\n<p class=\"paragraph article__item\">Nach IMO-Angaben war der Tanker mit insgesamt 130.000 Tonnen \u00d6l beladen, das bereits \u00bbf\u00fcr einige Zeit\u00ab aus diesem auslaufe. Die Beh\u00f6rden in Maskat hatten am Montag angegeben, dass sich der \u00d6lteppich \u00fcber eine Fl\u00e4che von rund 390 Quadratkilometern erstrecke. Die Umweltorganisation Greenpeace berichtete unter Berufung auf Satellitenaufnahmen sogar von einer Fl\u00e4che von 1.000 Quadratkilometern, die durch das \u00d6l verschmutzt sei.\n<\/p>\n<p>            Schiff geh\u00f6rte zu Russlands Schattenflotte            <\/p>\n<p class=\"paragraph article__item\">Der \u00d6ltanker Caroline Bezengi wird der <a href=\"https:\/\/www.zeit.de\/politik\/2026-07\/russische-schattenflotte-oeltanker-ostsee-eu-nato-tanker-sanktionen-gxe\" target=\"_blank\" rel=\"nofollow noopener\">russischen Schattenflotte<\/a> zugerechnet und steht unter EU-Sanktionen. Mit den oft veralteten und unter fremder Flagge fahrenden Schiffen umgeht <a class=\"rtr-entity\" href=\"https:\/\/www.zeit.de\/thema\/russland\" rel=\"nofollow noopener\" target=\"_blank\">Russland<\/a> nach \u00dcberzeugung westlicher Staaten unter anderem <a href=\"https:\/\/www.zeit.de\/politik\/ausland\/2026-06\/russische-schattenflotte-oeltanker-grossbritannien-aermelkanal\" target=\"_blank\" rel=\"nofollow noopener\">Sanktionen gegen seine \u00d6lexporte<\/a>.\n<\/p>\n<p class=\"paragraph article__item\">Der Tanker war im Juni im Arabischen Meer im Bereich des Archipels Al-Hallanijat auf Grund gelaufen. Die Gegend ist f\u00fcr ihre maritime Artenvielfalt bekannt. Gef\u00e4hrdet sind Greenpeace zufolge unter anderem Korallenriffe, Meeresschildkr\u00f6ten, Zugv\u00f6gel und Meeress\u00e4uger. Zuvor war das Schiff von Explosionen unbekannter Herkunft getroffen worden. Das britische Sicherheitsunternehmen Vanguard teilte mit, infolge der Explosionen seien Lecks im Schiff entstanden.\n<\/p>\n<p>Mehr zum Thema<\/p>\n<p>            \u00d6ltanker        <\/p>\n<p>                <a href=\"https:\/\/www.zeit.de\/politik\/ausland\/2026-07\/huthis-jemen-seeblockade-rotes-meer-saudi-arabien\" data-ct-label=\"Huthis im Jemen: Huthi-Miliz meldet erneuten Angriff auf saudi-arabischen \u00d6ltanker \" data-uuid=\"294229a6-6570-44dc-992e-20f1b3bac0df\" rel=\"nofollow noopener\" target=\"_blank\"><\/p>\n<p>                        Huthis im Jemen:<br \/>\n                        Huthi-Miliz meldet erneuten Angriff auf saudi-arabischen \u00d6ltanker <\/p>\n<p>                <\/a><\/p>\n<p>                <a href=\"https:\/\/www.zeit.de\/politik\/2026-07\/russische-schattenflotte-oeltanker-ostsee-eu-nato-tanker-sanktionen-gxe\" data-ct-label=\"Russische Schattenflotte in der Ostsee: Das schwarze Gesch\u00e4ft russischer \u00d6ltanker \" data-uuid=\"83440f38-2e96-4182-8288-fac63ba30570\" rel=\"nofollow noopener\" target=\"_blank\"><\/p>\n<p>                        Russische Schattenflotte in der Ostsee:<br \/>\n                        Das schwarze Gesch\u00e4ft russischer \u00d6ltanker <\/p>\n<p>                <\/a><\/p>\n<p>                <a href=\"https:\/\/www.zeit.de\/politik\/ausland\/2026-07\/us-angriffe-iran-strasse-von-hormus-centcom-gxe\" data-ct-label=\"Irankrieg: US-Milit\u00e4r weitet Angriffe auf den Iran aus\" data-uuid=\"79822cae-6174-47a6-9305-fb8c7da46ffe\" rel=\"nofollow noopener\" target=\"_blank\"><\/p>\n<p>                        Irankrieg:<br \/>\n                        US-Milit\u00e4r weitet Angriffe auf den Iran aus<\/p>\n<p>                <\/a><\/p>\n","protected":false},"excerpt":{"rendered":"Das aus einem auf Grund gelaufenen Tanker ausgetretene \u00d6l hat die K\u00fcste des Oman erreicht. Das gab die&hellip;\n","protected":false},"author":2,"featured_media":1232536,"comment_status":"","ping_status":"","sticky":false,"template":"","format":"standard","meta":{"footnotes":"","_share_on_mastodon":"0"},"categories":[4013],"tags":[331,332,64211,1724,13,14,15,15643,4043,4044,850,307,12,255807],"class_list":["post-1232535","post","type-post","status-publish","format-standard","has-post-thumbnail","category-russland","tag-aktuelle-nachrichten","tag-aktuelle-news","tag-erdoel","tag-gesellschaft","tag-headlines","tag-nachrichten","tag-news","tag-oman","tag-russia","tag-russian-federation","tag-russische-foederation","tag-russland","tag-schlagzeilen","tag-tanker-caroline-bezengi"],"share_on_mastodon":{"url":"https:\/\/pubeurope.com\/@de\/117085195819261501","error":""},"_links":{"self":[{"href":"https:\/\/www.europesays.com\/de\/wp-json\/wp\/v2\/posts\/1232535","targetHints":{"allow":["GET"]}}],"collection":[{"href":"https:\/\/www.europesays.com\/de\/wp-json\/wp\/v2\/posts"}],"about":[{"href":"https:\/\/www.europesays.com\/de\/wp-json\/wp\/v2\/types\/post"}],"author":[{"embeddable":true,"href":"https:\/\/www.europesays.com\/de\/wp-json\/wp\/v2\/users\/2"}],"replies":[{"embeddable":true,"href":"https:\/\/www.europesays.com\/de\/wp-json\/wp\/v2\/comments?post=1232535"}],"version-history":[{"count":0,"href":"https:\/\/www.europesays.com\/de\/wp-json\/wp\/v2\/posts\/1232535\/revisions"}],"wp:featuredmedia":[{"embeddable":true,"href":"https:\/\/www.europesays.com\/de\/wp-json\/wp\/v2\/media\/1232536"}],"wp:attachment":[{"href":"https:\/\/www.europesays.com\/de\/wp-json\/wp\/v2\/media?parent=1232535"}],"wp:term":[{"taxonomy":"category","embeddable":true,"href":"https:\/\/www.europesays.com\/de\/wp-json\/wp\/v2\/categories?post=1232535"},{"taxonomy":"post_tag","embeddable":true,"href":"https:\/\/www.europesays.com\/de\/wp-json\/wp\/v2\/tags?post=1232535"}],"curies":[{"name":"wp","href":"https:\/\/api.w.org\/{rel}","templated":true}]}}