{"id":1232830,"date":"2026-08-13T03:09:16","date_gmt":"2026-08-13T03:09:16","guid":{"rendered":"https:\/\/www.europesays.com\/de\/1232830\/"},"modified":"2026-08-13T03:09:16","modified_gmt":"2026-08-13T03:09:16","slug":"fotogalerie-grossbritannien-vietnam-gipfel-2026","status":"publish","type":"post","link":"https:\/\/www.europesays.com\/de\/1232830\/","title":{"rendered":"[FOTOGALERIE] Gro\u00dfbritannien-Vietnam-Gipfel 2026"},"content":{"rendered":"<p> An der Konferenz nahmen auf vietnamesischer Seite die stellvertretende Ministerin f\u00fcr Industrie und Handel, Phan Thi Thang, Leiter von Beh\u00f6rden des Ministeriums f\u00fcr Industrie und Handel, des Finanzministeriums, der Staatsbank von Vietnam, des vietnamesischen Bankenverbandes sowie der Sekret\u00e4r der Regierungsjugendunion, Bui Hoang Tung, und die Jugendunionen der folgenden Ministerien und Beh\u00f6rden teil: Industrie und Handel, Ausw\u00e4rtige Angelegenheiten, Justiz, Bauwesen, Landwirtschaft und Umwelt, die Staatsbank von Vietnam, die Regierungsinspektion und <a class=\"data-link\" data-org-href=\"https:\/\/www.vietnam.vn\/de\/authors\/vpcp-chinhphu-vn\" href=\"https:\/\/www.vietnam.vn\/de\/authors\/vpcp-chinhphu-vn\" title=\"Regierungsb\u00fcro\" target=\"_blank\" rel=\"nofollow noopener\">das Regierungsb\u00fcro<\/a> .<\/p>\n<p> <a class=\"data-link\" data-org-href=\"https:\/\/www.vietnam.vn\/de\/tag\/anh\" href=\"https:\/\/www.vietnam.vn\/de\/tag\/anh\" title=\"Vereinigtes K\u00f6nigreich\" target=\"_blank\" rel=\"nofollow noopener\">F\u00fcr das Vereinigte K\u00f6nigreich<\/a> waren folgende Personen anwesend: Martin Kent, Handelskommissar der britischen Regierung f\u00fcr den asiatisch-pazifischen Raum; Iain Frew, britischer Botschafter in Vietnam; Alexandra Smith, britische Generalkonsulin in Ho-Chi-Minh-Stadt; sowie Vertreter von zehn f\u00fchrenden britischen Technologieunternehmen.<\/p>\n<p>Das k\u00f6nnte Sie interessieren<\/p>\n<p> <strong>Der britisch-vietnamesische Gipfel 2026<\/strong> verdeutlicht das wachsende Kooperationspotenzial beider L\u00e4nder, das \u00fcber Handel und Investitionen hinausgeht und Bereiche umfasst, die sich unmittelbar auf die Produktivit\u00e4t und Wettbewerbsf\u00e4higkeit ihrer <a class=\"data-link\" data-org-href=\"https:\/\/www.vietnam.vn\/de\/category\/kinh-te\" href=\"https:\/\/www.vietnam.vn\/de\/category\/kinh-te\" title=\"Wirtschaft\" target=\"_blank\" rel=\"nofollow noopener\">Volkswirtschaften<\/a> auswirken. Mit Fokus auf KI, Fintech, Finanzen, Rohstoffderivate und Logistik verfolgt der Gipfel ein klares Ziel: die britisch-vietnamesische Zusammenarbeit vom politischen Dialog hin zu konkreten Projekten zu f\u00fchren und so einen echten Mehrwert f\u00fcr Unternehmen und Volkswirtschaften beider L\u00e4nder zu schaffen.<\/p>\n<p>Das k\u00f6nnte Sie interessieren<\/p>\n<p class=\"mb-0\"> Quelle: https:\/\/tapchicongthuong.vn\/gallery\/chum-anh&#8211;hoi-nghi-cap-cao-vuong-quoc-anh-viet-nam-2026-541401.htm<\/p>\n","protected":false},"excerpt":{"rendered":"An der Konferenz nahmen auf vietnamesischer Seite die stellvertretende Ministerin f\u00fcr Industrie und Handel, Phan Thi Thang, Leiter&hellip;\n","protected":false},"author":2,"featured_media":1232831,"comment_status":"","ping_status":"","sticky":false,"template":"","format":"standard","meta":{"footnotes":"","_share_on_mastodon":"0"},"categories":[3976],"tags":[331,332,255827,13,252914,14,15,255828,12,255829,3992,3993,3994,3995,3996,3997,55],"class_list":["post-1232830","post","type-post","status-publish","format-standard","has-post-thumbnail","category-vereinigtes-koenigreich","tag-aktuelle-nachrichten","tag-aktuelle-news","tag-die-stellvertretende-ministerin-fuer-industrie-und-handel","tag-headlines","tag-internationale-integration","tag-nachrichten","tag-news","tag-phan-thi-thang","tag-schlagzeilen","tag-stellvertretende-ministerin-phan-thi-thang","tag-uk","tag-united-kingdom","tag-united-kingdom-of-great-britain-and-northern-ireland","tag-vereinigtes-koenigreich","tag-vereinigtes-koenigreich-grossbritannien-und-nordirland","tag-vereinigtes-koenigreich-von-grossbritannien-und-nordirland","tag-wirtschaft"],"share_on_mastodon":{"url":"https:\/\/pubeurope.com\/@de\/117086006144740887","error":""},"_links":{"self":[{"href":"https:\/\/www.europesays.com\/de\/wp-json\/wp\/v2\/posts\/1232830","targetHints":{"allow":["GET"]}}],"collection":[{"href":"https:\/\/www.europesays.com\/de\/wp-json\/wp\/v2\/posts"}],"about":[{"href":"https:\/\/www.europesays.com\/de\/wp-json\/wp\/v2\/types\/post"}],"author":[{"embeddable":true,"href":"https:\/\/www.europesays.com\/de\/wp-json\/wp\/v2\/users\/2"}],"replies":[{"embeddable":true,"href":"https:\/\/www.europesays.com\/de\/wp-json\/wp\/v2\/comments?post=1232830"}],"version-history":[{"count":0,"href":"https:\/\/www.europesays.com\/de\/wp-json\/wp\/v2\/posts\/1232830\/revisions"}],"wp:featuredmedia":[{"embeddable":true,"href":"https:\/\/www.europesays.com\/de\/wp-json\/wp\/v2\/media\/1232831"}],"wp:attachment":[{"href":"https:\/\/www.europesays.com\/de\/wp-json\/wp\/v2\/media?parent=1232830"}],"wp:term":[{"taxonomy":"category","embeddable":true,"href":"https:\/\/www.europesays.com\/de\/wp-json\/wp\/v2\/categories?post=1232830"},{"taxonomy":"post_tag","embeddable":true,"href":"https:\/\/www.europesays.com\/de\/wp-json\/wp\/v2\/tags?post=1232830"}],"curies":[{"name":"wp","href":"https:\/\/api.w.org\/{rel}","templated":true}]}}