{"id":1232947,"date":"2026-08-13T04:28:22","date_gmt":"2026-08-13T04:28:22","guid":{"rendered":"https:\/\/www.europesays.com\/de\/1232947\/"},"modified":"2026-08-13T04:28:22","modified_gmt":"2026-08-13T04:28:22","slug":"mannheim-als-heisseste-stadt-der-welt-satire-aktion-lenkt-blick-auf-klimakrise","status":"publish","type":"post","link":"https:\/\/www.europesays.com\/de\/1232947\/","title":{"rendered":"Mannheim als \u201ehei\u00dfeste Stadt der Welt\u201c: Satire-Aktion lenkt Blick auf Klimakrise"},"content":{"rendered":"<p class=\"mb-6 text-xs-varying md:text-m lg:text-l font-serif group-[.font-sans]:font-sans \">\n    Seit der <a href=\"https:\/\/www.ka-news.de\/baden-wuerttemberg\/wetter\/hitzewelle-treibt-baden-wuerttemberg-auf-fast-mediterranes-temperaturniveau-18-114742654\" target=\"_self\" class=\"underline \" rel=\"nofollow noopener\">Juni-Hitzewelle<\/a> und <a href=\"https:\/\/www.ka-news.de\/baden-wuerttemberg\/wetter\/trockenheit-trifft-sueddeutschland-besonders-hart-dwd-sieht-grosse-risiken-6-114967010\" target=\"_self\" class=\"underline \" rel=\"nofollow noopener\">der anhaltenden D\u00fcrre in Baden-W\u00fcrttemberg<\/a> r\u00fccken immer wieder die <a href=\"https:\/\/www.ka-news.de\/baden-wuerttemberg\/wetter\/baden-wuerttemberg-fuehrt-mit-karlsruhe-und-mannheim-im-hitze-ranking-1-114484353\" target=\"_self\" class=\"underline \" rel=\"nofollow noopener\">hei\u00dfesten St\u00e4dte des Landes<\/a> in den Vordergrund. Eine davon: Die Quadratstadt Mannheim! Die ist jetzt ins Visier vom Widerstands-Kollektiv, ehemals letzte Generation, geraten und bekam ordentlich ihr Fett weg.\n  <\/p>\n<p>            Satire-Seite nimmt Klimapolitik in Mannheim ins Visier<\/p>\n<p class=\"mb-6 text-xs-varying md:text-m lg:text-l font-serif group-[.font-sans]:font-sans \">\n    Satire statt kleben. Der neue Trend bei Klimasch\u00fctzern? Denn statt Stra\u00dfenblockaden setzen Mannheimer Klimaaktivsten auf eine komplett gefakte Stadtseite namens <a href=\"https:\/\/visit-mannheim.net\/\" rel=\"nofollow noopener\" target=\"_blank\" class=\"underline \">https:\/\/visit-mannheim.net<\/a>. Die sieht stilistisch dem Original ziemlich \u00e4hnlich <a href=\"https:\/\/vtm-ma.de\/\" rel=\"nofollow noopener\" target=\"_blank\" class=\"underline \">https:\/\/vtm-ma.de\/.<\/a> Doch der Schein tr\u00fcgt. Mit \u00fcberspitzten Anekdoten macht sich die Satire-Seite \u00fcber die \u201ehei\u00dfeste Stadt der Welt, Mannheim 2030\u201c lustig.\n  <\/p>\n<p>    <img decoding=\"async\" src=\"https:\/\/www.europesays.com\/de\/wp-content\/uploads\/2026\/08\/screenshot-2026-08-12-084125.png\" alt=\"Satire-Seite: &quot;die hei\u00dfeste Stadt der Welt, Mannheim 2023&quot;\" title=\"Satire-Seite: &quot;die hei\u00dfeste Stadt der Welt, Mannheim 2023&quot;\" loading=\"lazy\" class=\"h-full w-full object-cover\"\/><\/p>\n<p>      Icon vergr\u00f6\u00dfern<\/p>\n<p>    Satire-Seite: &#8222;die hei\u00dfeste Stadt der Welt, Mannheim 2023&#8220;<br \/>\n    Foto: Screenshot<\/p>\n<p>        Schlie\u00dfen <\/p>\n<p>      Icon Schlie\u00dfen<\/p>\n<p>        Icon vergr\u00f6\u00dfern<\/p>\n<p>        Icon verkleinern<\/p>\n<p>      Icon Pfeil bewegen<\/p>\n<p>    Satire-Seite: &#8222;die hei\u00dfeste Stadt der Welt, Mannheim 2023&#8220;<br \/>\n    Foto: Screenshot<\/p>\n<p class=\"mb-6 text-xs-varying md:text-m lg:text-l font-serif group-[.font-sans]:font-sans \">\n    \u201eIn <a href=\"https:\/\/www.ka-news.de\/baden-wuerttemberg\/verkehr\/baustelle-l-597-neckarbruecke-bei-mannheim-verschiebt-sich-auf-sommer-2028-114999502\" target=\"_self\" class=\"underline \" rel=\"nofollow noopener\">Mannheim<\/a> wissen wir, dass Quantit\u00e4t nicht alles ist! W\u00e4hrend die gro\u00dfe Stadt Wien 1800 Trinkbrunnen hat, begn\u00fcgt sich Mannheim mit 14 Trinkbrunnen. Jedoch ist die Qualit\u00e4t des Wassers 1 A! Mannheim ist unter den Top 3 St\u00e4dten, denen Stra\u00dfenbau und Versiegelung noch wirklich am Herzen liegt\u201c, hei\u00dft es auf der Seite. Auch die \u201estets unp\u00fcnktliche Bahn\u201c, die \u201eVernichtung von 7.300 B\u00e4umen\u201c und die \u201eperfekte Verkehrsanbindung durch f\u00fcnf Autobahnen\u201c werden auf der Seite erw\u00e4hnt.\n  <\/p>\n<p>            Stadt Mannheim plant keine rechtlichen Schritte<\/p>\n<p class=\"mb-6 text-xs-varying md:text-m lg:text-l font-serif group-[.font-sans]:font-sans \">\n    Gegen\u00fcber dem SWR berichtet einer der f\u00fchrenden Projekt-K\u00f6pfe, dass man mit der Seite humoristisch auf die Klimakrise aufmerksam machen wollte. So sollen Hitzeschutz-Aktionspl\u00e4ne verbessert und menschengemachte Klimaver\u00e4nderung st\u00e4rker in den Vordergrund ger\u00fcckt werden. Die Stadt Mannheim soll indessen keine rechtlichen Schritte gegen das Widerstands-Kollektiv planen, da die Seite eindeutig als Fake erkennbar sei, hei\u00dft es gegen\u00fcber dem SWR.\n  <\/p>\n<p class=\"mb-6 text-xs-varying md:text-m lg:text-l font-serif group-[.font-sans]:font-sans \">\n    \u00dcbrigens, nicht das erste Mal, dass Klimaaktivsten ganze Webseiten faken. So wurde der Karlsruher Campus im Jahr 2024 kurzfristig zur autofreien Zone erkl\u00e4rt. <a href=\"https:\/\/www.ka-news.de\/region\/karlsruhe\/raetsel-um-mysterioese-weisse-plakate-in-karlsruhe-geloest-art-3194655\" target=\"_self\" class=\"underline \" rel=\"nofollow noopener\">Auch eine Plakataktion zum Fernw\u00e4rmenetz in Karlsruhe hing mit einer Internetseite zusammen.<\/a>\n  <\/p>\n","protected":false},"excerpt":{"rendered":"Seit der Juni-Hitzewelle und der anhaltenden D\u00fcrre in Baden-W\u00fcrttemberg r\u00fccken immer wieder die hei\u00dfesten St\u00e4dte des Landes in&hellip;\n","protected":false},"author":2,"featured_media":1232948,"comment_status":"","ping_status":"","sticky":false,"template":"","format":"standard","meta":{"footnotes":"","_share_on_mastodon":"0"},"categories":[1845],"tags":[1634,3364,29,548,663,3934,30,13,11607,18113,8903,255852,2096,14,15,255853,12,1755,6296],"class_list":["post-1232947","post","type-post","status-publish","format-standard","has-post-thumbnail","category-mannheim","tag-baden-wuerttemberg","tag-de","tag-deutschland","tag-eu","tag-europa","tag-europe","tag-germany","tag-headlines","tag-hitze","tag-hitzewelle","tag-karlsruhe","tag-klimakritik","tag-mannheim","tag-nachrichten","tag-news","tag-quadratstadt","tag-schlagzeilen","tag-swr","tag-wien"],"share_on_mastodon":{"url":"https:\/\/pubeurope.com\/@de\/117086317680577882","error":""},"_links":{"self":[{"href":"https:\/\/www.europesays.com\/de\/wp-json\/wp\/v2\/posts\/1232947","targetHints":{"allow":["GET"]}}],"collection":[{"href":"https:\/\/www.europesays.com\/de\/wp-json\/wp\/v2\/posts"}],"about":[{"href":"https:\/\/www.europesays.com\/de\/wp-json\/wp\/v2\/types\/post"}],"author":[{"embeddable":true,"href":"https:\/\/www.europesays.com\/de\/wp-json\/wp\/v2\/users\/2"}],"replies":[{"embeddable":true,"href":"https:\/\/www.europesays.com\/de\/wp-json\/wp\/v2\/comments?post=1232947"}],"version-history":[{"count":0,"href":"https:\/\/www.europesays.com\/de\/wp-json\/wp\/v2\/posts\/1232947\/revisions"}],"wp:featuredmedia":[{"embeddable":true,"href":"https:\/\/www.europesays.com\/de\/wp-json\/wp\/v2\/media\/1232948"}],"wp:attachment":[{"href":"https:\/\/www.europesays.com\/de\/wp-json\/wp\/v2\/media?parent=1232947"}],"wp:term":[{"taxonomy":"category","embeddable":true,"href":"https:\/\/www.europesays.com\/de\/wp-json\/wp\/v2\/categories?post=1232947"},{"taxonomy":"post_tag","embeddable":true,"href":"https:\/\/www.europesays.com\/de\/wp-json\/wp\/v2\/tags?post=1232947"}],"curies":[{"name":"wp","href":"https:\/\/api.w.org\/{rel}","templated":true}]}}