{"id":1233102,"date":"2026-08-13T06:08:16","date_gmt":"2026-08-13T06:08:16","guid":{"rendered":"https:\/\/www.europesays.com\/de\/1233102\/"},"modified":"2026-08-13T06:08:16","modified_gmt":"2026-08-13T06:08:16","slug":"bielefeld-minden-43-jaehriger-kommt-wegen-beil-attacke-ins-gefaengnis","status":"publish","type":"post","link":"https:\/\/www.europesays.com\/de\/1233102\/","title":{"rendered":"Bielefeld\/Minden: 43-J\u00e4hriger kommt wegen Beil-Attacke ins Gef\u00e4ngnis"},"content":{"rendered":"<p>Vor dem Bielefelder Landgericht ist der Prozess gegen einen 43-j\u00e4hrigen Wohnungslosen zu Ende gegangen. Nachdem er sich im Februar mit einem Mindener gestritten hatte, fuhr er zu dessen Wohnung, um ihm eine Abreibung zu verpassen.\u00a0<\/p>\n<p>Dreieinhalb Jahre hinter Gittern<\/p>\n<p>Als der Mindener die T\u00fcr \u00f6ffnete, ging der Angeklagte mit einem Hackebeil auf ihn los. Dem Opfer gelang es aber den Angreifer aus der Wohnung zu schieben. Die Richter am Landgericht verurteilten den 43- J\u00e4hrigen am Mittwoch zu dreieinhalb Jahren Gef\u00e4ngnis wegen schwerer K\u00f6rperverletzung.\u00a0<\/p>\n<p>Sie konnten keinen T\u00f6tungsvorsatz feststellen, sagte uns ein Sprecher.<\/p>\n","protected":false},"excerpt":{"rendered":"Vor dem Bielefelder Landgericht ist der Prozess gegen einen 43-j\u00e4hrigen Wohnungslosen zu Ende gegangen. Nachdem er sich im&hellip;\n","protected":false},"author":2,"featured_media":1233103,"comment_status":"","ping_status":"","sticky":false,"template":"","format":"standard","meta":{"footnotes":"","_share_on_mastodon":"0"},"categories":[1841],"tags":[1605,3364,29,30,4933,165060,1209,1269],"class_list":["post-1233102","post","type-post","status-publish","format-standard","has-post-thumbnail","category-bielefeld","tag-bielefeld","tag-de","tag-deutschland","tag-germany","tag-landgericht","tag-mindener","tag-nordrhein-westfalen","tag-prozess"],"share_on_mastodon":{"url":"https:\/\/pubeurope.com\/@de\/117086710243813058","error":""},"_links":{"self":[{"href":"https:\/\/www.europesays.com\/de\/wp-json\/wp\/v2\/posts\/1233102","targetHints":{"allow":["GET"]}}],"collection":[{"href":"https:\/\/www.europesays.com\/de\/wp-json\/wp\/v2\/posts"}],"about":[{"href":"https:\/\/www.europesays.com\/de\/wp-json\/wp\/v2\/types\/post"}],"author":[{"embeddable":true,"href":"https:\/\/www.europesays.com\/de\/wp-json\/wp\/v2\/users\/2"}],"replies":[{"embeddable":true,"href":"https:\/\/www.europesays.com\/de\/wp-json\/wp\/v2\/comments?post=1233102"}],"version-history":[{"count":0,"href":"https:\/\/www.europesays.com\/de\/wp-json\/wp\/v2\/posts\/1233102\/revisions"}],"wp:featuredmedia":[{"embeddable":true,"href":"https:\/\/www.europesays.com\/de\/wp-json\/wp\/v2\/media\/1233103"}],"wp:attachment":[{"href":"https:\/\/www.europesays.com\/de\/wp-json\/wp\/v2\/media?parent=1233102"}],"wp:term":[{"taxonomy":"category","embeddable":true,"href":"https:\/\/www.europesays.com\/de\/wp-json\/wp\/v2\/categories?post=1233102"},{"taxonomy":"post_tag","embeddable":true,"href":"https:\/\/www.europesays.com\/de\/wp-json\/wp\/v2\/tags?post=1233102"}],"curies":[{"name":"wp","href":"https:\/\/api.w.org\/{rel}","templated":true}]}}