{"id":1233168,"date":"2026-08-13T06:48:24","date_gmt":"2026-08-13T06:48:24","guid":{"rendered":"https:\/\/www.europesays.com\/de\/1233168\/"},"modified":"2026-08-13T06:48:24","modified_gmt":"2026-08-13T06:48:24","slug":"duesseldorf-nach-aldi-kommt-der-koe-tower-grundstein-im-september","status":"publish","type":"post","link":"https:\/\/www.europesays.com\/de\/1233168\/","title":{"rendered":"D\u00fcsseldorf: Nach Aldi kommt der K\u00f6-Tower \u2013 Grundstein im September"},"content":{"rendered":"<p class=\"text_ohne_einzug richtext text-em-55 !leading-serif mx-6 desktop:mx-0\"> Am S\u00fcdende der <a href=\"https:\/\/rp-online.de\/thema\/koenigsallee\/\" rel=\"nofollow noopener\" target=\"_blank\">K\u00f6nigsallee<\/a> entsteht ein neues Hochhaus. Zwei wichtige Entscheidungen f\u00fcr das rund 300\u2005Millionen Euro teure Projekt sind nun gef\u00e4llt worden: Es steht nun fest, wer die Baustelle \u00fcbernimmt und das Projekt managt, und auch den Termin f\u00fcr die Grundsteinlegung gibt es. F\u00fcr den sogenannten K\u00f6-Tower wird am 11.\u2005September der Grundstein gelegt.<\/p>\n","protected":false},"excerpt":{"rendered":"Am S\u00fcdende der K\u00f6nigsallee entsteht ein neues Hochhaus. Zwei wichtige Entscheidungen f\u00fcr das rund 300\u2005Millionen Euro teure Projekt&hellip;\n","protected":false},"author":2,"featured_media":1233169,"comment_status":"","ping_status":"","sticky":false,"template":"","format":"standard","meta":{"footnotes":"","_share_on_mastodon":"0"},"categories":[1831],"tags":[7600,3364,29,3405,30,255885,255886,255884,1209,2202,13883],"class_list":["post-1233168","post","type-post","status-publish","format-standard","has-post-thumbnail","category-duesseldorf","tag-bauen","tag-de","tag-deutschland","tag-duesseldorf","tag-germany","tag-klamt","tag-lupp","tag-managt","tag-nordrhein-westfalen","tag-projekt","tag-projekte"],"share_on_mastodon":{"url":"https:\/\/pubeurope.com\/@de\/117086866985781227","error":""},"_links":{"self":[{"href":"https:\/\/www.europesays.com\/de\/wp-json\/wp\/v2\/posts\/1233168","targetHints":{"allow":["GET"]}}],"collection":[{"href":"https:\/\/www.europesays.com\/de\/wp-json\/wp\/v2\/posts"}],"about":[{"href":"https:\/\/www.europesays.com\/de\/wp-json\/wp\/v2\/types\/post"}],"author":[{"embeddable":true,"href":"https:\/\/www.europesays.com\/de\/wp-json\/wp\/v2\/users\/2"}],"replies":[{"embeddable":true,"href":"https:\/\/www.europesays.com\/de\/wp-json\/wp\/v2\/comments?post=1233168"}],"version-history":[{"count":0,"href":"https:\/\/www.europesays.com\/de\/wp-json\/wp\/v2\/posts\/1233168\/revisions"}],"wp:featuredmedia":[{"embeddable":true,"href":"https:\/\/www.europesays.com\/de\/wp-json\/wp\/v2\/media\/1233169"}],"wp:attachment":[{"href":"https:\/\/www.europesays.com\/de\/wp-json\/wp\/v2\/media?parent=1233168"}],"wp:term":[{"taxonomy":"category","embeddable":true,"href":"https:\/\/www.europesays.com\/de\/wp-json\/wp\/v2\/categories?post=1233168"},{"taxonomy":"post_tag","embeddable":true,"href":"https:\/\/www.europesays.com\/de\/wp-json\/wp\/v2\/tags?post=1233168"}],"curies":[{"name":"wp","href":"https:\/\/api.w.org\/{rel}","templated":true}]}}