{"id":1233183,"date":"2026-08-13T06:56:15","date_gmt":"2026-08-13T06:56:15","guid":{"rendered":"https:\/\/www.europesays.com\/de\/1233183\/"},"modified":"2026-08-13T06:56:15","modified_gmt":"2026-08-13T06:56:15","slug":"das-himmelsspektakel-in-bildern-so-verfolgte-muenchen-die-sonnenfinsternis","status":"publish","type":"post","link":"https:\/\/www.europesays.com\/de\/1233183\/","title":{"rendered":"Das Himmelsspektakel in Bildern: So verfolgte M\u00fcnchen die Sonnenfinsternis"},"content":{"rendered":"<p>Abertausende von Menschen haben sich am Mittwochabend in <a href=\"https:\/\/www.abendzeitung-muenchen.de\/muenchen\/\" rel=\"nofollow noopener\" target=\"_blank\">M\u00fcnchen<\/a> unter freiem Himmel versammelt, um dem astronomischen Ereignis des Jahres beizuwohnen \u2013 der partiellen Sonnenfinsternis.<\/p>\n<p>Zwar war es keine totale Sonnenfinsternis, wie sie 1999 in M\u00fcnchen zu sehen war, aber im Maximum wurde die Sonne \u00fcber dem M\u00fcnchner Abendhimmel zu fast 90 Prozent vom Mond bedeckt.<\/p>\n<p>Rund zwei Stunden dauerte das Spektakel am Himmel, dem unz\u00e4hlige Menschen in ganz M\u00fcnchen gebannt zuschauten. Die Menschenmassen auf dem Olympiaberg erinnerten an die beiden Konzerte von <a href=\"https:\/\/www.abendzeitung-muenchen.de\/person\/taylor-swift\/\" rel=\"nofollow noopener\" target=\"_blank\">Taylor Swift<\/a> im Olympiastadion.\u00a0<\/p>\n<p>        An dieser Stelle finden Sie einen externen Inhalt (Instagram Reel). Sie k\u00f6nnen sich Inhalte dieses Anbieters mit einem Klick anzeigen lassen und wieder ausblenden.<\/p>\n<p>\n        Anzeigen\n        <\/p>\n<p>\n        Externe Inhalte ausblenden\n        <\/p>\n<p>\n        Anzeige f\u00fcr den Anbieter Instagram Reel \u00fcber den Consent-Anbieter verweigert\n    <\/p>\n<p>Die <a href=\"https:\/\/www.abendzeitung-muenchen.de\/thema\/hackerbruecke\/\" rel=\"nofollow noopener\" target=\"_blank\">Hackerbr\u00fccke<\/a> wurde von zahlreichen, meist jungen Menschen in Beschlag genommen. In Giesing wurde die Br\u00fccke am <a href=\"https:\/\/www.abendzeitung-muenchen.de\/thema\/gruenwalder-stadion\/\" rel=\"nofollow noopener\" target=\"_blank\">Gr\u00fcnwalder Stadion<\/a> einer Belastungsprobe ausgesetzt und auch auf dem Dach des Gasteig-Geb\u00e4udes haben sich zahlreiche Hobby-Astronomen mit ihren Teleskopen eingefunden, um die Sonnenfinsternis zu beobachten.<\/p>\n<p>Die begann in M\u00fcnchen um 19.22 Uhr und hatte ihr Maximum zur Primetime um 20.15 Uhr, was vielerorts von den Menschen mit Begeisterung beklatscht wurde.<\/p>\n<p><strong>Bilder zur partiellen Sonnenfinsternis in M\u00fcnchen finden Sie oben in unserer Bildergalerie.<\/strong><\/p>\n","protected":false},"excerpt":{"rendered":"Abertausende von Menschen haben sich am Mittwochabend in M\u00fcnchen unter freiem Himmel versammelt, um dem astronomischen Ereignis des&hellip;\n","protected":false},"author":2,"featured_media":1232167,"comment_status":"","ping_status":"","sticky":false,"template":"","format":"standard","meta":{"footnotes":"","_share_on_mastodon":"0"},"categories":[1827],"tags":[772,73,29,30,1268,107047],"class_list":["post-1233183","post","type-post","status-publish","format-standard","has-post-thumbnail","category-muenchen","tag-bayern","tag-bilder","tag-deutschland","tag-germany","tag-muenchen","tag-sonnenfinsternis"],"share_on_mastodon":{"url":"https:\/\/pubeurope.com\/@de\/117086898402804651","error":""},"_links":{"self":[{"href":"https:\/\/www.europesays.com\/de\/wp-json\/wp\/v2\/posts\/1233183","targetHints":{"allow":["GET"]}}],"collection":[{"href":"https:\/\/www.europesays.com\/de\/wp-json\/wp\/v2\/posts"}],"about":[{"href":"https:\/\/www.europesays.com\/de\/wp-json\/wp\/v2\/types\/post"}],"author":[{"embeddable":true,"href":"https:\/\/www.europesays.com\/de\/wp-json\/wp\/v2\/users\/2"}],"replies":[{"embeddable":true,"href":"https:\/\/www.europesays.com\/de\/wp-json\/wp\/v2\/comments?post=1233183"}],"version-history":[{"count":0,"href":"https:\/\/www.europesays.com\/de\/wp-json\/wp\/v2\/posts\/1233183\/revisions"}],"wp:featuredmedia":[{"embeddable":true,"href":"https:\/\/www.europesays.com\/de\/wp-json\/wp\/v2\/media\/1232167"}],"wp:attachment":[{"href":"https:\/\/www.europesays.com\/de\/wp-json\/wp\/v2\/media?parent=1233183"}],"wp:term":[{"taxonomy":"category","embeddable":true,"href":"https:\/\/www.europesays.com\/de\/wp-json\/wp\/v2\/categories?post=1233183"},{"taxonomy":"post_tag","embeddable":true,"href":"https:\/\/www.europesays.com\/de\/wp-json\/wp\/v2\/tags?post=1233183"}],"curies":[{"name":"wp","href":"https:\/\/api.w.org\/{rel}","templated":true}]}}