{"id":1233198,"date":"2026-08-13T07:08:19","date_gmt":"2026-08-13T07:08:19","guid":{"rendered":"https:\/\/www.europesays.com\/de\/1233198\/"},"modified":"2026-08-13T07:08:19","modified_gmt":"2026-08-13T07:08:19","slug":"nach-rechtsstreit-mit-boehmermann-bericht-gericht-erlaesst-haftbefehl-gegen-maximilian-krah","status":"publish","type":"post","link":"https:\/\/www.europesays.com\/de\/1233198\/","title":{"rendered":"Nach Rechtsstreit mit B\u00f6hmermann: Bericht: Gericht erl\u00e4sst Haftbefehl gegen Maximilian Krah"},"content":{"rendered":"<p>Nach Rechtsstreit mit B\u00f6hmermannBericht: Gericht erl\u00e4sst Haftbefehl gegen Maximilian Krah<\/p>\n<p>13.08.2026, 07:28 Uhr <\/p>\n<p>Artikel anh\u00f6ren(02:35 min)<\/p>\n<p><img decoding=\"async\" class=\"Image_img__fQCi0 Image_Img_16_9__4BLfH widget-picture-inline_maximizable__t_E7h\" loading=\"eager\" fetchpriority=\"high\" src=\"https:\/\/www.europesays.com\/de\/wp-content\/uploads\/2026\/08\/Maximilian-Krah-AfD-Mitglied-des-Bundestages-spricht-waehrend-der-60-Sitzung-des-21-Deutschen-Bundes.webp\" alt=\"Maximilian-Krah-AfD-Mitglied-des-Bundestages-spricht-waehrend-der-60-Sitzung-des-21-Deutschen-Bundestages-zum-Thema-Reform-des-Gemeinsamen-Europaeischen-Asylsystems\"\/>Weigert sich zu zahlen: Krah. (Foto: picture alliance\/dpa)TeilenFolgen auf:<a href=\"https:\/\/www.whatsapp.com\/channel\/0029Va5cdVJD8SDp5YZgYF01\" title=\"Auf WhatsApp folgen\" target=\"_blank\" rel=\"nofollow noopener\"><img decoding=\"async\" src=\"https:\/\/www.n-tv.de\/socialIcons\/whatsapp.svg\" alt=\"whatsapp\" class=\"ArticleShare_icon__FsrC2\"\/><\/a><a href=\"https:\/\/www.google.com\/preferences\/source?q=n-tv.de\" title=\"ntv als bevorzugte Quelle auf Google hinzuf\u00fcgen\" target=\"_blank\" rel=\"nofollow noopener\"><img decoding=\"async\" src=\"https:\/\/www.n-tv.de\/socialIcons\/google.svg\" alt=\"whatsapp\" class=\"ArticleShare_icon__FsrC2\"\/><\/a><\/p>\n<p class=\"Typography_text-m__XI0da Typography_weight-bold__uT6mq storyline_lead_text_leadtext__q_wg8\">Jan B\u00f6hmermann und Maximilian Krah liefern sich seit fast zwei Jahren einen Rechtsstreit rund um einen Oktoberfestbesuch. Der Rechtsau\u00dfen verliert vor Gericht, doch weigert sich die Prozesskosten zu bezahlen. Jetzt liegt einem Bericht zufolge ein Haftbefehl gegen den AfD-Politiker vor.    <\/p>\n<p class=\"Typography_text-default__P3otY Typography_weight-normal__pqUbH storyline_paragraph_p__qSR5N\">Das Amtsgericht Chemnitz hat offenbar einen Haftbefehl gegen den Bundestagsabgeordneten Maximilian Krah erlassen. Das berichtet der &#8222;Spiegel&#8220; unter Berufung auf eigene Informationen. Grund ist ein Rechtsstreit zwischen ihm und dem Satiriker Jan B\u00f6hmermann. Der Politiker der rechtsextremen AfD war gegen den Satiriker vorgegangen, weil der in seinem Podcast eine Zuschrift vorgelesen hatte, der zufolge Krah auf dem Oktoberfest im K\u00e4fer-Zelt 200 Champagnerflaschen bestellt habe.<\/p>\n<p class=\"Typography_text-default__P3otY Typography_weight-normal__pqUbH storyline_paragraph_p__qSR5N\">Laut Gerichtsurteil argumentierte Krah, dies k\u00f6nnte sich auf sein Pers\u00f6nlichkeitsrecht auswirken. Krah verlor das Verfahren, unter anderem, weil B\u00f6hmermann kurz nach Erscheinen direkt erg\u00e4nzt hatte, dass es sich um &#8222;rund 50&#8220; Flaschen gehandelt habe. Doch der AfD-Mann zahlt die Prozesskosten nicht. Zun\u00e4chst musste B\u00f6hmermann rund 5000 Euro mittels eines Vollstreckungsverfahrens eintreiben, aktuell sind weitere 296,26 Euro offen.<\/p>\n<p class=\"Typography_text-default__P3otY Typography_weight-normal__pqUbH storyline_paragraph_p__qSR5N\">Eine Gerichtsvollzieherin hatte Mitte Juli einen Termin zur Verm\u00f6gensauskunft angesetzt, doch der AfD-Politiker Krah erschien nicht. Das Amtsgericht Chemnitz will sich nicht \u00e4u\u00dfern, da es sich um ein nicht \u00f6ffentliches Verfahren handle.<\/p>\n<p class=\"Typography_text-default__P3otY Typography_weight-normal__pqUbH storyline_paragraph_p__qSR5N\">&#8222;Deutschland ist ein Rechtsstaat, und es kann nicht sein, dass sich ein Bundestagsabgeordneter und Volljurist seinen gesetzlichen Verpflichtungen entzieht&#8220;, sagt B\u00f6hmermanns Anwalt Sebastian Gorski.<\/p>\n<p class=\"Typography_text-default__P3otY Typography_weight-normal__pqUbH storyline_paragraph_p__qSR5N\">Krah sagte auf Anfrage, er sei \u00fcberrascht, dass &#8222;st\u00e4ndig Forderungen nachgeschoben&#8220; w\u00fcrden, sein Anwalt w\u00fcrde sie pr\u00fcfen. B\u00f6hmermann halte er f\u00fcr &#8222;einen Widerling&#8220;, da zahle er &#8222;nur widerwillig&#8220;. Von dem Termin mit der Gerichtsvollzieherin habe er &#8222;keine Kenntnis&#8220; gehabt.<\/p>\n<p class=\"Typography_text-s__wu_cm Typography_weight-normal__pqUbH Typography_color-darkgrey__sZEnP article-detail-footer_source__KslPc\">Quelle: ntv.de, lme<\/p>\n","protected":false},"excerpt":{"rendered":"Nach Rechtsstreit mit B\u00f6hmermannBericht: Gericht erl\u00e4sst Haftbefehl gegen Maximilian Krah 13.08.2026, 07:28 Uhr Artikel anh\u00f6ren(02:35 min) Weigert sich&hellip;\n","protected":false},"author":2,"featured_media":1233199,"comment_status":"","ping_status":"","sticky":false,"template":"","format":"standard","meta":{"footnotes":"","_share_on_mastodon":"0"},"categories":[1776],"tags":[1801,29,214,30,12566,35667,16,1802,505,215],"class_list":["post-1233198","post","type-post","status-publish","format-standard","has-post-thumbnail","category-prominente","tag-celebrities","tag-deutschland","tag-entertainment","tag-germany","tag-jan-boehmermann","tag-maximilian-krah","tag-politik","tag-prominente","tag-prozesse","tag-unterhaltung"],"share_on_mastodon":{"url":"https:\/\/pubeurope.com\/@de\/117086947913460706","error":""},"_links":{"self":[{"href":"https:\/\/www.europesays.com\/de\/wp-json\/wp\/v2\/posts\/1233198","targetHints":{"allow":["GET"]}}],"collection":[{"href":"https:\/\/www.europesays.com\/de\/wp-json\/wp\/v2\/posts"}],"about":[{"href":"https:\/\/www.europesays.com\/de\/wp-json\/wp\/v2\/types\/post"}],"author":[{"embeddable":true,"href":"https:\/\/www.europesays.com\/de\/wp-json\/wp\/v2\/users\/2"}],"replies":[{"embeddable":true,"href":"https:\/\/www.europesays.com\/de\/wp-json\/wp\/v2\/comments?post=1233198"}],"version-history":[{"count":0,"href":"https:\/\/www.europesays.com\/de\/wp-json\/wp\/v2\/posts\/1233198\/revisions"}],"wp:featuredmedia":[{"embeddable":true,"href":"https:\/\/www.europesays.com\/de\/wp-json\/wp\/v2\/media\/1233199"}],"wp:attachment":[{"href":"https:\/\/www.europesays.com\/de\/wp-json\/wp\/v2\/media?parent=1233198"}],"wp:term":[{"taxonomy":"category","embeddable":true,"href":"https:\/\/www.europesays.com\/de\/wp-json\/wp\/v2\/categories?post=1233198"},{"taxonomy":"post_tag","embeddable":true,"href":"https:\/\/www.europesays.com\/de\/wp-json\/wp\/v2\/tags?post=1233198"}],"curies":[{"name":"wp","href":"https:\/\/api.w.org\/{rel}","templated":true}]}}