{"id":1233292,"date":"2026-08-13T08:19:32","date_gmt":"2026-08-13T08:19:32","guid":{"rendered":"https:\/\/www.europesays.com\/de\/1233292\/"},"modified":"2026-08-13T08:19:32","modified_gmt":"2026-08-13T08:19:32","slug":"gruendungsabend-in-garbsen-tipps-und-orientierung-fuer-den-weg-in-die-selbststaendigkeit","status":"publish","type":"post","link":"https:\/\/www.europesays.com\/de\/1233292\/","title":{"rendered":"Gr\u00fcndungsabend in Garbsen &#8211; Tipps und Orientierung f\u00fcr den Weg in die Selbstst\u00e4ndigkeit"},"content":{"rendered":"<p>            <a href=\"https:\/\/garbsen-city-news.de\/wp-content\/uploads\/2026\/08\/Luftbild-Google-earth-26.png\" data-caption=\"Themenfoto mit KI erstellt\/GCN\" rel=\"nofollow noopener\" target=\"_blank\"><img loading=\"lazy\" decoding=\"async\" width=\"696\" height=\"392\" class=\"entry-thumb td-modal-image\" src=\"https:\/\/www.europesays.com\/de\/wp-content\/uploads\/2026\/08\/Luftbild-Google-earth-26-696x392.png\"   alt=\"\" title=\"Luftbild Google earth-26\"\/><\/a>Themenfoto mit KI erstellt\/GCN<\/p>\n<p class=\"isSelectedEnd\"><strong>Garbsen.<\/strong> Wer mit dem Gedanken spielt, den Schritt in die Selbstst\u00e4ndigkeit zu wagen, kann sich im September in Garbsen umfassend informieren. Die Stadt Garbsen und die Wirtschaftsf\u00f6rderungsgesellschaft hannoverimpuls GmbH laden am <strong>Donnerstag, 10. September 2026, um 17.30 Uhr<\/strong> zu einem Gr\u00fcndungsabend ein.<\/p>\n<p class=\"isSelectedEnd\">Die Veranstaltung findet im <strong>Seminarraum 1 des Produktionstechnischen Zentrums auf dem Campus Maschinenbau Garbsen, An der Universit\u00e4t 2<\/strong>, statt. Die Teilnahme ist kostenlos, Anmeldungen sind ab sofort m\u00f6glich.<\/p>\n<p>Von der Gesch\u00e4ftsidee bis zum Businessplan<\/p>\n<p class=\"isSelectedEnd\">Der Gr\u00fcndungsabend richtet sich insbesondere an Menschen, die sich grunds\u00e4tzlich f\u00fcr eine Unternehmensgr\u00fcndung interessieren, aber noch Orientierung ben\u00f6tigen, wie sie ihr Vorhaben strukturiert angehen k\u00f6nnen.<\/p>\n<p class=\"isSelectedEnd\">Im Mittelpunkt steht der gesamte Gr\u00fcndungsprozess. Die Teilnehmerinnen und Teilnehmer erfahren unter anderem, welche Informationsquellen und Unterst\u00fctzungsangebote zur Verf\u00fcgung stehen und worauf bei der Entwicklung eines tragf\u00e4higen Gesch\u00e4ftskonzeptes geachtet werden sollte.<\/p>\n<p class=\"isSelectedEnd\">Auch die Erstellung eines <strong>Businessplans<\/strong>, m\u00f6gliche <strong>F\u00f6rderangebote<\/strong> und die n\u00e4chsten konkreten Schritte auf dem Weg zum eigenen Unternehmen werden thematisiert.<\/p>\n<p class=\"isSelectedEnd\">Dar\u00fcber hinaus soll der Abend dabei helfen, die eigenen Voraussetzungen f\u00fcr eine Selbstst\u00e4ndigkeit besser einzusch\u00e4tzen. Dabei geht es auch um die Frage, welche Eigenschaften einen Unternehmertyp ausmachen und wie die eigenen Finanzen von Beginn an sinnvoll organisiert werden k\u00f6nnen.<\/p>\n<p>Anmeldung ab sofort m\u00f6glich<\/p>\n<p class=\"isSelectedEnd\">Interessierte k\u00f6nnen sich \u00fcber den Veranstaltungskalender der Stadt Garbsen unter <strong>garbsen.de\/veranstaltungen-wirtschaft<\/strong> f\u00fcr den Gr\u00fcndungsabend anmelden.<\/p>\n<p><strong>Termin:<\/strong> Donnerstag, 10. September 2026, 17.30 Uhr<br \/><strong>Ort:<\/strong> Produktionstechnisches Zentrum, Campus Maschinenbau Garbsen, An der Universit\u00e4t 2<br \/><strong>Teilnahme:<\/strong> kostenlos, Anmeldung erforderlich.<\/p>\n<p>GCN\/bs<\/p>\n","protected":false},"excerpt":{"rendered":"Themenfoto mit KI erstellt\/GCN Garbsen. Wer mit dem Gedanken spielt, den Schritt in die Selbstst\u00e4ndigkeit zu wagen, kann&hellip;\n","protected":false},"author":2,"featured_media":1233293,"comment_status":"","ping_status":"","sticky":false,"template":"","format":"standard","meta":{"footnotes":"","_share_on_mastodon":"0"},"categories":[1836],"tags":[3592,3364,29,30,255911,46,5982,1411,255912,39784],"class_list":["post-1233292","post","type-post","status-publish","format-standard","has-post-thumbnail","category-hannover","tag-anmeldung","tag-de","tag-deutschland","tag-germany","tag-gruendungsabend","tag-hannover","tag-infos","tag-niedersachsen","tag-rathaus-garbsen","tag-selbststaendigkeit"],"share_on_mastodon":{"url":"https:\/\/pubeurope.com\/@de\/117087226965901870","error":""},"_links":{"self":[{"href":"https:\/\/www.europesays.com\/de\/wp-json\/wp\/v2\/posts\/1233292","targetHints":{"allow":["GET"]}}],"collection":[{"href":"https:\/\/www.europesays.com\/de\/wp-json\/wp\/v2\/posts"}],"about":[{"href":"https:\/\/www.europesays.com\/de\/wp-json\/wp\/v2\/types\/post"}],"author":[{"embeddable":true,"href":"https:\/\/www.europesays.com\/de\/wp-json\/wp\/v2\/users\/2"}],"replies":[{"embeddable":true,"href":"https:\/\/www.europesays.com\/de\/wp-json\/wp\/v2\/comments?post=1233292"}],"version-history":[{"count":0,"href":"https:\/\/www.europesays.com\/de\/wp-json\/wp\/v2\/posts\/1233292\/revisions"}],"wp:featuredmedia":[{"embeddable":true,"href":"https:\/\/www.europesays.com\/de\/wp-json\/wp\/v2\/media\/1233293"}],"wp:attachment":[{"href":"https:\/\/www.europesays.com\/de\/wp-json\/wp\/v2\/media?parent=1233292"}],"wp:term":[{"taxonomy":"category","embeddable":true,"href":"https:\/\/www.europesays.com\/de\/wp-json\/wp\/v2\/categories?post=1233292"},{"taxonomy":"post_tag","embeddable":true,"href":"https:\/\/www.europesays.com\/de\/wp-json\/wp\/v2\/tags?post=1233292"}],"curies":[{"name":"wp","href":"https:\/\/api.w.org\/{rel}","templated":true}]}}