{"id":1233362,"date":"2026-08-13T09:01:18","date_gmt":"2026-08-13T09:01:18","guid":{"rendered":"https:\/\/www.europesays.com\/de\/1233362\/"},"modified":"2026-08-13T09:01:18","modified_gmt":"2026-08-13T09:01:18","slug":"eurovision-song-contest-esc-2027-findet-in-burgas-bulgarien-statt","status":"publish","type":"post","link":"https:\/\/www.europesays.com\/de\/1233362\/","title":{"rendered":"Eurovision Song Contest (ESC) 2027 findet in Burgas, Bulgarien, statt"},"content":{"rendered":"<p>Am Schwarzen Meer <\/p>\n<p>ESC 2027 findet in Touristenhochburg statt<\/p>\n<p>Aktualisiert am 13.08.2026 &#8211; 10:52 UhrLesedauer: 2 Min.<\/p>\n<p><a href=\"#focus-0\" class=\"transition-colors block text-current relative\" data-sctrack=\"FocusGalleryImage.Reference\"><img fetchpriority=\"high\" data-testid=\"Opener.Image\"   loading=\"eager\" src=\"https:\/\/www.europesays.com\/de\/wp-content\/uploads\/2026\/06\/image.png\" alt=\"Eilmeldung\" title=\"Eilmeldung\" width=\"1920\" height=\"1080\" class=\"bg-[url:var(--lqipURL)] bg-cover bg-center flex h-full w-full max-w-full\" style=\"--lqipURL:url('https:\/\/images.t-online.de\/2022\/09\/QNvnp9NzyEao\/0x0:1920x1080\/fit-in\/150x0\/filters:blur(25)\/image.png')\" decoding=\"async\"\/><img loading=\"lazy\" src=\"https:\/\/www.t-online.de\/s\/paper\/_next\/static\/media\/zoom-in.f7dae02f.svg\" alt=\"Vergr\u00f6\u00dfern des Bildes\" title=\"Vergr\u00f6\u00dfern des Bildes\" class=\"block h-[calc(var(--height)_\/_16_*_1rem)] w-[calc(var(--width)_\/_16_*_1rem)] max-w-none absolute right-8 bottom-8 rounded-4 bg-snow p-8\" style=\"--width:32;--height:32\" decoding=\"async\"\/><\/a><img loading=\"lazy\" src=\"https:\/\/www.t-online.de\/s\/paper\/_next\/static\/media\/audio-volume.6689034c.svg\" alt=\"\" title=\"\" class=\"block h-[calc(var(--height)_\/_16_*_1rem)] w-[calc(var(--width)_\/_16_*_1rem)] max-w-none group-hover:brightness-0 group-hover:invert\" style=\"--width:16;--height:16\" decoding=\"async\"\/>Vorlesen<\/p>\n<p>Aktuelle Zeit:0:00Gesamtdauer:0:00<\/p>\n<p>1x<\/p>\n<p class=\"text-center\">Jetzt neu bei t-online:<\/p>\n<p class=\"text-center\">Schriftgr\u00f6\u00dfe anpassen!<\/p>\n<p><img loading=\"lazy\" src=\"https:\/\/www.t-online.de\/s\/paper\/_next\/static\/media\/font-sizes.32942e33.svg\" alt=\"\" title=\"\" class=\"block h-[calc(var(--height)_\/_16_*_1rem)] w-[calc(var(--width)_\/_16_*_1rem)] max-w-none group-hover:hidden group-aria-expanded:hidden\" style=\"--width:16;--height:16\" decoding=\"async\"\/><img loading=\"lazy\" src=\"https:\/\/www.t-online.de\/s\/paper\/_next\/static\/media\/font-sizes-dark-mode.e382645c.svg\" alt=\"\" title=\"\" class=\"block h-[calc(var(--height)_\/_16_*_1rem)] w-[calc(var(--width)_\/_16_*_1rem)] max-w-none hidden group-hover:block group-aria-expanded:block\" style=\"--width:16;--height:16\" decoding=\"async\"\/><img loading=\"lazy\" src=\"https:\/\/www.t-online.de\/s\/paper\/_next\/static\/media\/sharing-menu-icon.1eb71368.svg\" alt=\"\" title=\"\" class=\"block h-[calc(var(--height)_\/_16_*_1rem)] w-[calc(var(--width)_\/_16_*_1rem)] max-w-none group-hover:brightness-0 group-hover:invert\" style=\"--width:16;--height:16\" decoding=\"async\"\/>Artikel teilen<\/p>\n<p class=\"font-bold text-18 leading-17 user-text-lg:text-22 user-text-xl:text-24\">In diesem Jahr hat Bulgarien den Eurovision Song Contest f\u00fcr sich entschieden. Nun steht fest, wo der n\u00e4chste Wettbewerb veranstaltet wird.<\/p>\n<p class=\"text-18 leading-17 user-text-lg:text-22 user-text-xl:text-24\">Wo findet der <a href=\"https:\/\/www.t-online.de\/themen\/eurovision-song-contest\/\" class=\"transition-colors cursor-pointer no-underline md:hover:text-magenta md:focus:text-magenta border-b border-solid border-current text-salemsfur md:hover:border-magenta\" data-tracking=\"{&quot;action&quot;:&quot;click&quot;,&quot;category&quot;:&quot;intextLink&quot;,&quot;label&quot;:&quot;\/themen\/eurovision-song-contest\/&quot;}\" data-sctrack=\"BodyAnchor\" rel=\"nofollow noopener\" target=\"_blank\">Eurovision Song Contest<\/a> (ESC) 2027 statt? Im Mai war S\u00e4ngerin Dara f\u00fcr <a href=\"https:\/\/www.t-online.de\/themen\/bulgarien\/\" class=\"transition-colors cursor-pointer no-underline md:hover:text-magenta md:focus:text-magenta border-b border-solid border-current text-salemsfur md:hover:border-magenta\" data-tracking=\"{&quot;action&quot;:&quot;click&quot;,&quot;category&quot;:&quot;intextLink&quot;,&quot;label&quot;:&quot;\/themen\/bulgarien\/&quot;}\" data-sctrack=\"BodyAnchor\" rel=\"nofollow noopener\" target=\"_blank\">Bulgarien<\/a> bei der popul\u00e4ren Musikveranstaltung mit dem Song &#8222;Bangaranga&#8220; in Wien angetreten und hatte sich gegen die Konkurrenz durchgesetzt. Damit wird der n\u00e4chste ESC in ihrem Heimatland veranstaltet. Unklar war bisher, ob daf\u00fcr die Hauptstadt Sofia gew\u00e4hlt wird. Inzwischen wurde eine Entscheidung getroffen.<\/p>\n<p class=\"text-18 leading-17 user-text-lg:text-22 user-text-xl:text-24\">Der Gesangswettbewerb soll im kommenden Jahr in der bulgarischen Schwarzmeerstadt Burgas ausgetragen werden. Das teilten die Europ\u00e4ische Rundfunkunion (EBU) sowie der \u00f6ffentlich-rechtliche Sender BNT in Sofia als Veranstalter mit. Das ESC-Finale ist f\u00fcr den 15. Mai 2027 angesetzt.<\/p>\n<p class=\"text-18 leading-17 user-text-lg:text-22 user-text-xl:text-24\">Burgas ist die viertgr\u00f6\u00dfte Stadt Bulgariens. Der Wettbewerb soll in der dortigen Arena ausgetragen werden, die erst vor wenigen Jahren er\u00f6ffnet wurde und rund 12.000 Zuschauern Platz bietet. Neben Sofia hatten auch die St\u00e4dte Plowdiw und Warna, die Heimatstadt von ESC-Siegerin Dara, Interesse an der Ausrichtung angemeldet und gehen nun leer aus.<\/p>\n<p>Burgas: Touristenhochburg und Partymetropole<\/p>\n<p class=\"text-18 leading-17 user-text-lg:text-22 user-text-xl:text-24\">Die mit rund 200.000 Einwohnern viertgr\u00f6\u00dfte bulgarische Stadt Burgas ist das wirtschaftliche und kulturelle Zentrum von Bulgariens S\u00fcdosten. Die Hafenstadt liegt 360 Kilometer \u00f6stlich der Hauptstadt Sofia, die 1,3 Millionen Einwohnern hat. Es gilt als \u00dcberraschung, dass Burgas das Rennen vor Sofia machte.<\/p>\n<p><img loading=\"lazy\" src=\"https:\/\/www.t-online.de\/s\/paper\/_next\/static\/media\/video-carousel-play.6f25714b.svg\" alt=\"\" title=\"\" class=\"block h-[calc(var(--height)_\/_16_*_1rem)] w-[calc(var(--width)_\/_16_*_1rem)] max-w-none undefined\" style=\"--height:12\" decoding=\"async\"\/><\/p>\n<p class=\"text-18 leading-17 user-text-lg:text-22 user-text-xl:text-24\">Badeorte in der Umgebung wie etwa der Sonnenstrand (Slantschew Brjag) gelten als Bulgariens maritime Partyzone. Der gr\u00f6\u00dfte Park der Stadt, der sogenannte Meeresgarten, erstreckt sich etwa f\u00fcnf Kilometer am Strand entlang. Von dort aus er\u00f6ffnet sich ein Ausblick auf die Bucht von Burgas und die Schwarzmeerk\u00fcste.<\/p>\n<p class=\"text-18 leading-17 user-text-lg:text-22 user-text-xl:text-24\">F\u00fcr den Eurovision Song Contest d\u00fcrfte Burgas eine au\u00dfergew\u00f6hnliche Kulisse direkt an der Schwarzmeerk\u00fcste bieten. In der Hafenstadt wurde erst 2023 die neue Arena Burgas er\u00f6ffnet. Diese k\u00f6nnte bei Konzerten auf bis zu 15.000 Zuschauerinnen und Zuschauern erweitert werden. Der <a href=\"https:\/\/www.t-online.de\/themen\/flughafen\/\" class=\"transition-colors cursor-pointer no-underline md:hover:text-magenta md:focus:text-magenta border-b border-solid border-current text-salemsfur md:hover:border-magenta\" data-tracking=\"{&quot;action&quot;:&quot;click&quot;,&quot;category&quot;:&quot;intextLink&quot;,&quot;label&quot;:&quot;\/themen\/flughafen\/&quot;}\" data-sctrack=\"BodyAnchor\" rel=\"nofollow noopener\" target=\"_blank\">Flughafen<\/a> Burgas ist nach dem Airport Sofia der am meisten frequentierte Flugplatz des Landes.<\/p>\n","protected":false},"excerpt":{"rendered":"Am Schwarzen Meer ESC 2027 findet in Touristenhochburg statt Aktualisiert am 13.08.2026 &#8211; 10:52 UhrLesedauer: 2 Min. Vorlesen&hellip;\n","protected":false},"author":2,"featured_media":34014,"comment_status":"","ping_status":"","sticky":false,"template":"","format":"standard","meta":{"footnotes":"","_share_on_mastodon":"0"},"categories":[155],"tags":[28206,39263,29,214,39392,4631,30,8522,96058,74774,215,6296],"class_list":["post-1233362","post","type-post","status-publish","format-standard","has-post-thumbnail","category-unterhaltung","tag-bulgarien","tag-burgas","tag-deutschland","tag-entertainment","tag-europaeische-rundfunkunion","tag-eurovision-song-contest","tag-germany","tag-schwarze-meer","tag-sofia","tag-touristenhochburg","tag-unterhaltung","tag-wien"],"share_on_mastodon":{"url":"","error":""},"_links":{"self":[{"href":"https:\/\/www.europesays.com\/de\/wp-json\/wp\/v2\/posts\/1233362","targetHints":{"allow":["GET"]}}],"collection":[{"href":"https:\/\/www.europesays.com\/de\/wp-json\/wp\/v2\/posts"}],"about":[{"href":"https:\/\/www.europesays.com\/de\/wp-json\/wp\/v2\/types\/post"}],"author":[{"embeddable":true,"href":"https:\/\/www.europesays.com\/de\/wp-json\/wp\/v2\/users\/2"}],"replies":[{"embeddable":true,"href":"https:\/\/www.europesays.com\/de\/wp-json\/wp\/v2\/comments?post=1233362"}],"version-history":[{"count":0,"href":"https:\/\/www.europesays.com\/de\/wp-json\/wp\/v2\/posts\/1233362\/revisions"}],"wp:featuredmedia":[{"embeddable":true,"href":"https:\/\/www.europesays.com\/de\/wp-json\/wp\/v2\/media\/34014"}],"wp:attachment":[{"href":"https:\/\/www.europesays.com\/de\/wp-json\/wp\/v2\/media?parent=1233362"}],"wp:term":[{"taxonomy":"category","embeddable":true,"href":"https:\/\/www.europesays.com\/de\/wp-json\/wp\/v2\/categories?post=1233362"},{"taxonomy":"post_tag","embeddable":true,"href":"https:\/\/www.europesays.com\/de\/wp-json\/wp\/v2\/tags?post=1233362"}],"curies":[{"name":"wp","href":"https:\/\/api.w.org\/{rel}","templated":true}]}}