{"id":1233531,"date":"2026-08-13T10:43:33","date_gmt":"2026-08-13T10:43:33","guid":{"rendered":"https:\/\/www.europesays.com\/de\/1233531\/"},"modified":"2026-08-13T10:43:33","modified_gmt":"2026-08-13T10:43:33","slug":"bahnstrecke-minden-braunschweig-gesperrt-ersatzverkehr-mit-bussen","status":"publish","type":"post","link":"https:\/\/www.europesays.com\/de\/1233531\/","title":{"rendered":"Bahnstrecke Minden-Braunschweig gesperrt &#8211; Ersatzverkehr mit Bussen"},"content":{"rendered":"<p>        <img decoding=\"async\" src=\"https:\/\/www.europesays.com\/de\/wp-content\/uploads\/2026\/08\/westfalenbahn126.webp\" alt=\"Ein Zug mit der Aufschrift WestfalenBahn, Fokus mittig r\u00e4nder etwas unscharf.\" title=\"Ein Zug mit der Aufschrift WestfalenBahn, Fokus mittig r\u00e4nder etwas unscharf. | NDR, Julius Matuschik\" class=\"responsive\"\/><\/p>\n<p>\n                Stand: 13.08.2026 12:07 Uhr<\/p>\n<p class=\"preface\">Fahrg\u00e4ste auf der Strecke Minden-Braunschweig m\u00fcssen ab Donnerstag umplanen: Wegen Bauarbeiten fahren eine Woche lang keine Z\u00fcge der Westfalenbahn. Seit dem 7. August war bereits der Abschnitt Minden-Hannover betroffen.<\/p>\n<p class=\"\">Wie die <a href=\"https:\/\/www.ndr.de\/nachrichten\/niedersachsen\/hannover_weser-leinegebiet\/westfalenbahn-100~splash.html\" title=\"Starke Einschr\u00e4nkungen auf den Linien RE 60 und RE 70\" data-url=\"https:\/\/www.westfalenbahn.de\/aktuelles\/aktuelle-verkehrsmeldungen\/baustellen\/meldung\/starke-einschraenkungen-auf-den-linien-re-60-und-re-70\/\" class=\"extlink-preface\" data-type=\"external\" rel=\"nofollow noopener\" target=\"_blank\">Westfalenbahn<\/a> auf ihrer Webseite mitteilt, wird der Streckenabschnitt zwischen Minden (Nordrhein-Westfalen) und Braunschweig Hauptbahnhof ab Donnerstagabend bis zum 20. August gesperrt. S\u00e4mtliche Z\u00fcge der Linien RB 60 und RB 70 fallen in der Zeit den Angaben nach aus.<\/p>\n<p>    Schienenersatzverkehr mit Bussen eingerichtet<\/p>\n<p class=\"\">Zwischen Lehrte (Region Hannover) und Braunschweig verkehren laut Westfahlenbahn w\u00e4hrend der Sperrung Busse, die alle Unterwegshalte anfahren. Sie fahren den Angaben nach st\u00fcndlich, tags\u00fcber wird das Angebot auf einen 30-Minuten-Takt verdichtet. Zus\u00e4tzlich werde zwischen Hannover und Braunschweig ein st\u00fcndlicher Direktbus angeboten, hei\u00dft es. Zwischen Hannover und Minden verkehren den Angaben nach als Schienenersatzverkehr Schnellbusse ohne Zwischenhalt. Neben der Westfalenbahn sei auch die S-Bahn Hannover betroffen. Auch hier werde ein Schienenersatzverkehr eingerichtet.<\/p>\n<p>    Auch Strecke Minden-Wunstorf wird gesperrt<\/p>\n<p class=\"\">Im selben Zeitraum &#8211; vom 7. bis 20. August sowie vom 30. August bis 1. September &#8211; k\u00f6nnen zudem zwischen Minden und Wunstorf (Region Hannover) keine Z\u00fcge fahren, wie eine Bahnsprecherin auf Nachfrage mitteilte. Die Sperrung betreffe sowohl den Nah- als auch den Fernverkehr.<\/p>\n<p>    Fahrg\u00e4ste sollten nicht notwendige Fahrten verschieben<\/p>\n<p class=\"\">Die Westfalenbahn empfiehlt ihren Fahrg\u00e4sten, nicht zwingend notwendige Fahrten in dem Zeitraum nach M\u00f6glichkeit zu verschieben. F\u00fcr notwendige Fahrten verwies die Bahnsprecherin zum Ausweichen auf Fahrplananpassungen und den Ersatzverkehr. Reisende sollten sich vor Fahrtantritt <a href=\"https:\/\/www.ndr.de\/nachrichten\/niedersachsen\/lueneburg_heide_unterelbe\/textlink-335784~splash.html\" title=\"Link zu den aktuellen Verkehrsmeldungen der Deutschen Bahn\" data-url=\"https:\/\/www.bahn.de\/service\/fahrplaene\/aktuell\" class=\"extlink-preface\" data-type=\"external\" rel=\"nofollow noopener\" target=\"_blank\">online<\/a> \u00fcber ihre Zugfahrt erkundigen.<\/p>\n<p>    Strecke wird saniert und modernisiert<\/p>\n<p class=\"\">Hintergrund der Sperrungen sind laut Westfalenbahn Bauarbeiten der DB InfraGO AG. In dem Zeitraum sollen demnach Eisenbahnbr\u00fccken saniert und die Strecke zwischen Haste und B\u00fcckeburg (Landkreis Schaumburg) modernisiert werden. Wegen deutlicher Abnutzungserscheinungen seien zudem Bauarbeiten zwischen Lehrte und Gro\u00df Gleidingen (Landkreis Peine) erforderlich.<\/p>\n<p>        <img decoding=\"async\" src=\"https:\/\/www.europesays.com\/de\/wp-content\/uploads\/2026\/08\/brockenbahn278.webp\" alt=\"Die Harzer Brockenbahn f\u00e4hrt durch den Fichtenwald in Richtung Brocken\" title=\"Die Harzer Brockenbahn f\u00e4hrt durch den Fichtenwald in Richtung Brocken | picture alliance\/dpa | Swen Pf\u00f6rtner\" class=\"responsive\" loading=\"lazy\"\/><\/p>\n<p>Wegen Bauarbeiten kann die Schmalspurbahn den 1.141 Meter hohen Harz-Gipfel nicht anfahren. Die Fahrt endet in Schierke.<\/p>\n<p>        <img decoding=\"async\" src=\"https:\/\/www.europesays.com\/de\/wp-content\/uploads\/2026\/08\/hildesheim-220.webp\" alt=\"Baustelle im Tunnel des Hildesheimer Hauptbahnhofs\" title=\"Baustelle im Tunnel des Hildesheimer Hauptbahnhofs | NDR \/ Yannic Wittenberg\" class=\"responsive\" loading=\"lazy\"\/><\/p>\n<p>Eigentlich sollten die Arbeiten bereits 2015 abgeschlossen sein. Laut Bahn soll es nun im kommenden Jahr soweit sein.<\/p>\n<p>        <img decoding=\"async\" src=\"https:\/\/www.europesays.com\/de\/wp-content\/uploads\/2026\/08\/transdev-104.webp\" alt=\"Ein ausgeliehener TRI-Ersatzzug f\u00fcr die S-Bahn Hannover.\" title=\"Ein ausgeliehener TRI-Ersatzzug f\u00fcr die S-Bahn Hannover. | Transdev \/ TRI Thomas Beckers\" class=\"responsive\" loading=\"lazy\"\/><\/p>\n<p>Die Ersatzz\u00fcge der Linie S5 sollen zwischen Hannover Flughafen und Hameln eingesetzt werden &#8211; bis Ende September.<\/p>\n<p>        <img decoding=\"async\" src=\"https:\/\/www.europesays.com\/de\/wp-content\/uploads\/2026\/04\/gleise138.webp\" alt=\"ICE-Trasse mit Gleisbett\" title=\"ICE-Trasse mit Gleisbett | NDR, Julius Matuschik\" class=\"responsive\" loading=\"lazy\"\/><\/p>\n<p>Mit der \u00dcbernahme wurde Besserung im Heidekreuz versprochen &#8211; stattdessen fehlt Personal und es gibt technische Probleme.<\/p>\n","protected":false},"excerpt":{"rendered":"Stand: 13.08.2026 12:07 Uhr Fahrg\u00e4ste auf der Strecke Minden-Braunschweig m\u00fcssen ab Donnerstag umplanen: Wegen Bauarbeiten fahren eine Woche&hellip;\n","protected":false},"author":2,"featured_media":1218978,"comment_status":"","ping_status":"","sticky":false,"template":"","format":"standard","meta":{"footnotes":"","_share_on_mastodon":"0"},"categories":[1850],"tags":[2899,1739,2227,6429,3364,29,64647,548,663,3934,30,46,13,22055,14,15,1411,12,2224,2869],"class_list":["post-1233531","post","type-post","status-publish","format-standard","has-post-thumbnail","category-braunschweig","tag-ausfaelle","tag-bahn","tag-bahnverkehr","tag-braunschweig","tag-de","tag-deutschland","tag-ersatzbusse","tag-eu","tag-europa","tag-europe","tag-germany","tag-hannover","tag-headlines","tag-minden","tag-nachrichten","tag-news","tag-niedersachsen","tag-schlagzeilen","tag-sperrung","tag-zugverkehr"],"share_on_mastodon":{"url":"https:\/\/pubeurope.com\/@de\/117087792808037316","error":""},"_links":{"self":[{"href":"https:\/\/www.europesays.com\/de\/wp-json\/wp\/v2\/posts\/1233531","targetHints":{"allow":["GET"]}}],"collection":[{"href":"https:\/\/www.europesays.com\/de\/wp-json\/wp\/v2\/posts"}],"about":[{"href":"https:\/\/www.europesays.com\/de\/wp-json\/wp\/v2\/types\/post"}],"author":[{"embeddable":true,"href":"https:\/\/www.europesays.com\/de\/wp-json\/wp\/v2\/users\/2"}],"replies":[{"embeddable":true,"href":"https:\/\/www.europesays.com\/de\/wp-json\/wp\/v2\/comments?post=1233531"}],"version-history":[{"count":0,"href":"https:\/\/www.europesays.com\/de\/wp-json\/wp\/v2\/posts\/1233531\/revisions"}],"wp:featuredmedia":[{"embeddable":true,"href":"https:\/\/www.europesays.com\/de\/wp-json\/wp\/v2\/media\/1218978"}],"wp:attachment":[{"href":"https:\/\/www.europesays.com\/de\/wp-json\/wp\/v2\/media?parent=1233531"}],"wp:term":[{"taxonomy":"category","embeddable":true,"href":"https:\/\/www.europesays.com\/de\/wp-json\/wp\/v2\/categories?post=1233531"},{"taxonomy":"post_tag","embeddable":true,"href":"https:\/\/www.europesays.com\/de\/wp-json\/wp\/v2\/tags?post=1233531"}],"curies":[{"name":"wp","href":"https:\/\/api.w.org\/{rel}","templated":true}]}}