{"id":1233615,"date":"2026-08-13T11:37:12","date_gmt":"2026-08-13T11:37:12","guid":{"rendered":"https:\/\/www.europesays.com\/de\/1233615\/"},"modified":"2026-08-13T11:37:12","modified_gmt":"2026-08-13T11:37:12","slug":"duesseldorf-auch-wohnungen-koennen-im-alten-luisengymnasium-entstehen","status":"publish","type":"post","link":"https:\/\/www.europesays.com\/de\/1233615\/","title":{"rendered":"D\u00fcsseldorf: Auch Wohnungen k\u00f6nnen im alten Luisengymnasium entstehen\u00a0"},"content":{"rendered":"<p class=\"text_ohne_einzug richtext text-em-55 !leading-serif mx-6 desktop:mx-0\">Nach den Sommerferien hat das Luisen-Gymnasium eine neue Adresse. Der 100-Millionen-Bau an der V\u00f6lklinger Stra\u00dfe soll dann fertig, der Einzug m\u00f6glich sein. Gleichzeitig wird damit f\u00fcr die Stadt der Weg frei, das 120 Jahre alte Geb\u00e4ude mit seiner historischen Fassade samt Jugendstilornamenten am alten Standort in unmittelbarer N\u00e4he zur K\u00f6nigsallee zu verkaufen. Im Mai hatte der Stadtrat bereits gr\u00fcnes Licht gegeben \u2013 <a href=\"https:\/\/rp-online.de\/nrw\/staedte\/duesseldorf\/schule\/luisen-gymnasium-in-duesseldorf-alter-standort-wird-verkauft_aid-147994019\" rel=\"nofollow noopener\" target=\"_blank\">nach allerdings kontroversen Diskussionen auch in der Stadtgesellschaft<\/a>. <\/p>\n","protected":false},"excerpt":{"rendered":"Nach den Sommerferien hat das Luisen-Gymnasium eine neue Adresse. Der 100-Millionen-Bau an der V\u00f6lklinger Stra\u00dfe soll dann fertig,&hellip;\n","protected":false},"author":2,"featured_media":1233616,"comment_status":"","ping_status":"","sticky":false,"template":"","format":"standard","meta":{"footnotes":"","_share_on_mastodon":"0"},"categories":[1831],"tags":[3364,29,3405,30,1209,17016],"class_list":["post-1233615","post","type-post","status-publish","format-standard","has-post-thumbnail","category-duesseldorf","tag-de","tag-deutschland","tag-duesseldorf","tag-germany","tag-nordrhein-westfalen","tag-standort"],"share_on_mastodon":{"url":"https:\/\/pubeurope.com\/@de\/117088003269003756","error":""},"_links":{"self":[{"href":"https:\/\/www.europesays.com\/de\/wp-json\/wp\/v2\/posts\/1233615","targetHints":{"allow":["GET"]}}],"collection":[{"href":"https:\/\/www.europesays.com\/de\/wp-json\/wp\/v2\/posts"}],"about":[{"href":"https:\/\/www.europesays.com\/de\/wp-json\/wp\/v2\/types\/post"}],"author":[{"embeddable":true,"href":"https:\/\/www.europesays.com\/de\/wp-json\/wp\/v2\/users\/2"}],"replies":[{"embeddable":true,"href":"https:\/\/www.europesays.com\/de\/wp-json\/wp\/v2\/comments?post=1233615"}],"version-history":[{"count":0,"href":"https:\/\/www.europesays.com\/de\/wp-json\/wp\/v2\/posts\/1233615\/revisions"}],"wp:featuredmedia":[{"embeddable":true,"href":"https:\/\/www.europesays.com\/de\/wp-json\/wp\/v2\/media\/1233616"}],"wp:attachment":[{"href":"https:\/\/www.europesays.com\/de\/wp-json\/wp\/v2\/media?parent=1233615"}],"wp:term":[{"taxonomy":"category","embeddable":true,"href":"https:\/\/www.europesays.com\/de\/wp-json\/wp\/v2\/categories?post=1233615"},{"taxonomy":"post_tag","embeddable":true,"href":"https:\/\/www.europesays.com\/de\/wp-json\/wp\/v2\/tags?post=1233615"}],"curies":[{"name":"wp","href":"https:\/\/api.w.org\/{rel}","templated":true}]}}