{"id":1233722,"date":"2026-08-13T12:43:24","date_gmt":"2026-08-13T12:43:24","guid":{"rendered":"https:\/\/www.europesays.com\/de\/1233722\/"},"modified":"2026-08-13T12:43:24","modified_gmt":"2026-08-13T12:43:24","slug":"rohrbomben-attrappe-legte-bahnverkehr-lahm-regional","status":"publish","type":"post","link":"https:\/\/www.europesays.com\/de\/1233722\/","title":{"rendered":"Rohrbomben-Attrappe legte Bahnverkehr lahm | Regional"},"content":{"rendered":"<p><a class=\"skip-content skip-content--link\" href=\"#in-content-skip-link-target-v-0-0\">TTS-Player \u00fcberspringen\u21b5<\/a><a id=\"in-content-skip-link-target-v-0-0\" class=\"skip-content--target-link-hidden skip-content skip-content--target-link\" href=\"#in-content-skip-link-target-v-0-0\">Artikel weiterlesen<\/a><\/p>\n<p data-780e759e=\"0-1987\">Treuchtlingen (Bayern) \u2013 <b>Im Gleisbett am Bahnhof in Treuchtlingen wurde am Donnerstagmorgen ein Gegenstand gefunden. Es bestand zun\u00e4chst der Verdacht, dass es sich dabei um Sprengstoff handeln k\u00f6nnte. Der Gegenstand wurde von Spezialeinheiten genauer untersucht.  Mittlerweile gibt es Entwarnung: Bei dem Gegenstand handelt es sich um eine Rohrbomben-Attrappe. Man gehe aber davon aus, dass der Gegenstand bewusst als Attrappe platziert worden war.<\/b><\/p>\n<p data-780e759e=\"0-1987\">Laut BILD-Informationen soll es sich bei der Attrappe um einen l\u00e4nglichen, metallischen Gegenstand handeln. Die Polizei ermittelt wegen gef\u00e4hrlichen Eingriffs in den Schienenverkehr.<\/p>\n<p>Polizei lie\u00df Gegenstand r\u00f6ntgen<\/p>\n<p data-780e759e=\"0-1987\">Anwohner wurden gebeten, den Bereich Alte Burgstra\u00dfe\/Wettelsheimerstra\u00dfe zu meiden. \u201eDer Gegenstand wird derzeit von Spezialeinheiten der Bundespolizei ger\u00f6ntgt\u201c, hie\u00df es von der Polizei Mittelfranken. Der Zugverkehr im Bereich Treuchtlingen stand komplett still. Die Auswertung der erstellten R\u00f6ntgenbilder war auch am sp\u00e4ten Vormittag zun\u00e4chst noch nicht abgeschlossen, wie die Polizei weiter mitteilte.<\/p>\n<p><img decoding=\"async\" width=\"992\" height=\"558\" alt=\"Ein Sprengroboter ist auf dem Bahnhofsgel\u00e4nde in Mittelfranken im Einsatz\" loading=\"lazy\" src=\"https:\/\/www.europesays.com\/de\/wp-content\/uploads\/2026\/08\/b0317dd6390d14cb82896734c9f74540,ec180a24.jpeg\"   class=\"landscape\"\/><\/p>\n<p class=\"fig__caption__text\">Ein Sprengroboter war auf dem Bahnhofsgel\u00e4nde in Mittelfranken im Einsatz<\/p>\n<p>Foto: Felix Kirberg\/dpa<\/p>\n<p data-780e759e=\"0-1987\">Nach den ersten Untersuchungen konnte die Polizei nicht ausschlie\u00dfen, dass es sich bei dem Gegenstand um Sprengstoff handelt. Weitere Ermittlungen der Spezialeinheiten waren daf\u00fcr erforderlich. Daf\u00fcr wurde die Evakuierung der \u201evordersten H\u00e4userreihe\u201c vorbereitet, wie BILD vor Ort erfuhr. Eine Evakuierung ist nun aber nicht mehr n\u00f6tig. Auch ein Sprengroboter und Drohnen waren auf dem Bahnhofsgel\u00e4nde im Einsatz.<\/p>\n<p><img decoding=\"async\" width=\"992\" height=\"558\" alt=\"Spezialisten untersuchen derzeit den Gegenstand\" loading=\"lazy\" src=\"https:\/\/www.europesays.com\/de\/wp-content\/uploads\/2026\/08\/2fe16ee5220ea05445f08a1bcb8c056f,4b31318b.jpeg\"   class=\"landscape\"\/><\/p>\n<p class=\"fig__caption__text\">Spezialisten untersuchten den Gegenstand<\/p>\n<p>Foto: Karina Palzer<\/p>\n<p>Bahn-Mitarbeiter fand Gegenstand<\/p>\n<p data-780e759e=\"0-1987\">Ein Polizeisprecher zu BILD: \u201eUm 8.30 Uhr hat ein Mitarbeiter der Bahn einen Gegenstand im Gleisbett hier in Treuchtlingen vor dem Bahnhof aufgefunden, ihn als verd\u00e4chtig eingestuft und das Ganze dann der Polizei gemeldet. Wir haben uns den Gegenstand dann angeschaut und haben ihn ebenfalls als verd\u00e4chtig eingestuft \u2013 als m\u00f6glicherweise sprengstoffverd\u00e4chtig.\u201c Dieser Verdacht bewahrheitete sich jedoch nicht.<\/p>\n<p>Sprengstoff-Alarm in Bayern: Menschen m\u00fcssen ihre Wohnh\u00e4user verlassen<a class=\"anchor video-teaser__anchor\" href=\"https:\/\/www.bild.de\/news\/inland\/sprengstoff-alarm-in-bayern-menschen-muessen-ihre-wohnhaeuser-verlassen-6a7d9ca7a87e8142c31cecbd\" rel=\"nofollow noopener\" target=\"_blank\"><img decoding=\"async\" width=\"992\" height=\"558\" alt=\"\" loading=\"lazy\" src=\"https:\/\/www.europesays.com\/de\/wp-content\/uploads\/2026\/08\/8e92bee997df8d1836929b2052e8162f,f87f4452.jpeg\"   class=\"landscape teaser__image\"\/><\/a><\/p>\n<p>Quelle: News513.08.2026<\/p>\n<p data-780e759e=\"0-1987\">Treuchtlingen liegt im Landkreis Wei\u00dfenburg-Gunzenhausen (<a href=\"https:\/\/www.bild.de\/regional\/bayern\/home-F0nY8r5b4CmXLAXAmTuS\" class=\"text-link\" rel=\"nofollow noopener\" target=\"_blank\">Bayern<\/a>). Die Stadt hat etwa 13.000 Einwohner.<\/p>\n","protected":false},"excerpt":{"rendered":"TTS-Player \u00fcberspringen\u21b5Artikel weiterlesen Treuchtlingen (Bayern) \u2013 Im Gleisbett am Bahnhof in Treuchtlingen wurde am Donnerstagmorgen ein Gegenstand gefunden.&hellip;\n","protected":false},"author":2,"featured_media":1233723,"comment_status":"","ping_status":"","sticky":false,"template":"","format":"standard","meta":{"footnotes":"","_share_on_mastodon":"0"},"categories":[5],"tags":[331,332,2037,772,1737,3364,29,1736,30,13,14,15,16039,12,18376,138370],"class_list":["post-1233722","post","type-post","status-publish","format-standard","has-post-thumbnail","category-nachrichten","tag-aktuelle-nachrichten","tag-aktuelle-news","tag-bahnhof","tag-bayern","tag-breaking-news","tag-de","tag-deutschland","tag-fb-instantarticles","tag-germany","tag-headlines","tag-nachrichten","tag-news","tag-polizeiliche-massnahmen","tag-schlagzeilen","tag-sprengstoffe","tag-team-first"],"share_on_mastodon":{"url":"https:\/\/pubeurope.com\/@de\/117088265756215166","error":""},"_links":{"self":[{"href":"https:\/\/www.europesays.com\/de\/wp-json\/wp\/v2\/posts\/1233722","targetHints":{"allow":["GET"]}}],"collection":[{"href":"https:\/\/www.europesays.com\/de\/wp-json\/wp\/v2\/posts"}],"about":[{"href":"https:\/\/www.europesays.com\/de\/wp-json\/wp\/v2\/types\/post"}],"author":[{"embeddable":true,"href":"https:\/\/www.europesays.com\/de\/wp-json\/wp\/v2\/users\/2"}],"replies":[{"embeddable":true,"href":"https:\/\/www.europesays.com\/de\/wp-json\/wp\/v2\/comments?post=1233722"}],"version-history":[{"count":0,"href":"https:\/\/www.europesays.com\/de\/wp-json\/wp\/v2\/posts\/1233722\/revisions"}],"wp:featuredmedia":[{"embeddable":true,"href":"https:\/\/www.europesays.com\/de\/wp-json\/wp\/v2\/media\/1233723"}],"wp:attachment":[{"href":"https:\/\/www.europesays.com\/de\/wp-json\/wp\/v2\/media?parent=1233722"}],"wp:term":[{"taxonomy":"category","embeddable":true,"href":"https:\/\/www.europesays.com\/de\/wp-json\/wp\/v2\/categories?post=1233722"},{"taxonomy":"post_tag","embeddable":true,"href":"https:\/\/www.europesays.com\/de\/wp-json\/wp\/v2\/tags?post=1233722"}],"curies":[{"name":"wp","href":"https:\/\/api.w.org\/{rel}","templated":true}]}}