{"id":1233821,"date":"2026-08-13T13:43:17","date_gmt":"2026-08-13T13:43:17","guid":{"rendered":"https:\/\/www.europesays.com\/de\/1233821\/"},"modified":"2026-08-13T13:43:17","modified_gmt":"2026-08-13T13:43:17","slug":"extremismus-hakenkreuz-aus-holzlatten-in-chemnitzer-park-gelegt","status":"publish","type":"post","link":"https:\/\/www.europesays.com\/de\/1233821\/","title":{"rendered":"Extremismus: Hakenkreuz aus Holzlatten in Chemnitzer Park gelegt"},"content":{"rendered":"<p class=\"fp-paragraph\"><strong>Chemnitz<\/strong> &#8211; Eine vierk\u00f6pfige Gruppe hat mutma\u00dflich ein Hakenkreuz aus Holzlatten in einen Chemnitzer Park gelegt. Eine Anwohnerin hatte am Mittwochnachmittag die Polizei informiert, wie es in einer Mitteilung hei\u00dft. Das verbotene Symbol war in etwa 1,5 Meter mal 1,5 Meter gro\u00df.\u00a0<\/p>\n<p>Offener Haftbefehl wegen ausstehender Geldstrafe<\/p>\n<p class=\"fp-paragraph\">Beamte trafen vor Ort drei M\u00e4nner um Alter von 43 bis 50 Jahren und eine 39-j\u00e4hrige Frau als Tatverd\u00e4chtige an. Bei der Kontrolle stellte sich heraus, dass gegen einen der M\u00e4nner ein offener Haftbefehl vorlag. Da der 47-J\u00e4hrige die ausstehende Geldstrafe in H\u00f6he von rund 1.000 Euro nicht zahlen konnte, wurde er in eine Justizvollzugsanstalt gebracht.\u00a0<\/p>\n<p class=\"fp-paragraph\">Die weiteren Verd\u00e4chtigen erhielten einen Platzverweis. Das Hakenkreuz r\u00e4umten die Beamten weg. Gegen das Quartett wird wegen des Verwendens von Kennzeichen verfassungswidriger Organisationen ermittelt.<\/p>\n","protected":false},"excerpt":{"rendered":"Chemnitz &#8211; Eine vierk\u00f6pfige Gruppe hat mutma\u00dflich ein Hakenkreuz aus Holzlatten in einen Chemnitzer Park gelegt. Eine Anwohnerin&hellip;\n","protected":false},"author":2,"featured_media":1233822,"comment_status":"","ping_status":"","sticky":false,"template":"","format":"standard","meta":{"footnotes":"","_share_on_mastodon":"0"},"categories":[1851],"tags":[2770,3364,29,548,663,3934,1549,30,13,1584,14,15,859,12],"class_list":["post-1233821","post","type-post","status-publish","format-standard","has-post-thumbnail","category-chemnitz","tag-chemnitz","tag-de","tag-deutschland","tag-eu","tag-europa","tag-europe","tag-extremismus","tag-germany","tag-headlines","tag-kriminalitaet","tag-nachrichten","tag-news","tag-sachsen","tag-schlagzeilen"],"share_on_mastodon":{"url":"","error":""},"_links":{"self":[{"href":"https:\/\/www.europesays.com\/de\/wp-json\/wp\/v2\/posts\/1233821","targetHints":{"allow":["GET"]}}],"collection":[{"href":"https:\/\/www.europesays.com\/de\/wp-json\/wp\/v2\/posts"}],"about":[{"href":"https:\/\/www.europesays.com\/de\/wp-json\/wp\/v2\/types\/post"}],"author":[{"embeddable":true,"href":"https:\/\/www.europesays.com\/de\/wp-json\/wp\/v2\/users\/2"}],"replies":[{"embeddable":true,"href":"https:\/\/www.europesays.com\/de\/wp-json\/wp\/v2\/comments?post=1233821"}],"version-history":[{"count":0,"href":"https:\/\/www.europesays.com\/de\/wp-json\/wp\/v2\/posts\/1233821\/revisions"}],"wp:featuredmedia":[{"embeddable":true,"href":"https:\/\/www.europesays.com\/de\/wp-json\/wp\/v2\/media\/1233822"}],"wp:attachment":[{"href":"https:\/\/www.europesays.com\/de\/wp-json\/wp\/v2\/media?parent=1233821"}],"wp:term":[{"taxonomy":"category","embeddable":true,"href":"https:\/\/www.europesays.com\/de\/wp-json\/wp\/v2\/categories?post=1233821"},{"taxonomy":"post_tag","embeddable":true,"href":"https:\/\/www.europesays.com\/de\/wp-json\/wp\/v2\/tags?post=1233821"}],"curies":[{"name":"wp","href":"https:\/\/api.w.org\/{rel}","templated":true}]}}