{"id":1233847,"date":"2026-08-13T13:58:16","date_gmt":"2026-08-13T13:58:16","guid":{"rendered":"https:\/\/www.europesays.com\/de\/1233847\/"},"modified":"2026-08-13T13:58:16","modified_gmt":"2026-08-13T13:58:16","slug":"jrf-wissenslunch-konfliktradar-nrw-wuppertal-institut-fuer-klima-umwelt-energie","status":"publish","type":"post","link":"https:\/\/www.europesays.com\/de\/1233847\/","title":{"rendered":"JRF-WissensLunch: KonfliktRadar.NRW &#8211; Wuppertal Institut f\u00fcr Klima, Umwelt, Energie"},"content":{"rendered":"<p>Auf dem Weg zur Klimaneutralit\u00e4t 2045 beeinflussen Transformationsma\u00dfnahmen immer sp\u00fcrbarer den Alltag der Menschen. Hier setzt das von der Stiftung Mercator gef\u00f6rderte Projekt &#8222;KonfliktRadar.NRW&#8220; an: Es identifiziert fr\u00fchzeitig gesellschaftliche Konfliktpotenziale bei der Energiewende in Nordrhein-Westfalen (NRW). Darauf aufbauend werden Formate entwickelt, die Beteiligte zusammenbringen, um dr\u00e4ngende Fragen konstruktiv und l\u00f6sungsorientiert zu verhandeln.<\/p>\n<p>Am Freitag, dem 25. September 2026 ab 12:00 Uhr stellen Katharina Knoop und Dr. Johannes Venjakob aus dem Forschungsbereich Strukturwandel und Innovationen am Wuppertal Institut das Projekt im Rahmen des digitalen WissensLunchs der Johannes-Rau-Forschungsgemeinschaft (JRF) vor. Anschlie\u00dfend haben die Teilnehmenden Gelegenheit, Fragen zu stellen.<\/p>\n<p><strong>\u00dcber den JRF-WissensLunch<\/strong><\/p>\n<p>Am letzten Freitag eines Monats von 12:00 bis 13:00 Uhr l\u00e4dt die JRF alle Interessierten zu einem digitalen JRF-WissensLunch ein. Dabei wird ein*e Vertreter*in eines JRF-Instituts in rund 20 Minuten ein aktuelles Forschungsthema allgemeinverst\u00e4ndlich vorstellen und anschlie\u00dfend Fragen der Teilnehmenden beantworten.<\/p>\n<p>Die Teilnahme ist kostenfrei. Eine Anmeldung ist nicht erforderlich.<\/p>\n","protected":false},"excerpt":{"rendered":"Auf dem Weg zur Klimaneutralit\u00e4t 2045 beeinflussen Transformationsma\u00dfnahmen immer sp\u00fcrbarer den Alltag der Menschen. Hier setzt das von&hellip;\n","protected":false},"author":2,"featured_media":329526,"comment_status":"","ping_status":"","sticky":false,"template":"","format":"standard","meta":{"footnotes":"","_share_on_mastodon":"0"},"categories":[1840],"tags":[3364,29,1149,4781,19165,30,1563,19164,4507,1209,19166,19162,19160,19163,19161,383,601,4418,19159],"class_list":["post-1233847","post","type-post","status-publish","format-standard","has-post-thumbnail","category-wuppertal","tag-de","tag-deutschland","tag-energie","tag-energieeffizienz","tag-ernst-ulrich-von-weizsaecker","tag-germany","tag-klima","tag-manfred-fischedick","tag-nachhaltigkeit","tag-nordrhein-westfalen","tag-peter-hennicke","tag-ressourceneffizienz","tag-stoffstroeme","tag-sustainability","tag-transition-forschung","tag-umwelt","tag-verkehr","tag-wuppertal","tag-wuppertal-institut"],"share_on_mastodon":{"url":"https:\/\/pubeurope.com\/@de\/117088558016338486","error":""},"_links":{"self":[{"href":"https:\/\/www.europesays.com\/de\/wp-json\/wp\/v2\/posts\/1233847","targetHints":{"allow":["GET"]}}],"collection":[{"href":"https:\/\/www.europesays.com\/de\/wp-json\/wp\/v2\/posts"}],"about":[{"href":"https:\/\/www.europesays.com\/de\/wp-json\/wp\/v2\/types\/post"}],"author":[{"embeddable":true,"href":"https:\/\/www.europesays.com\/de\/wp-json\/wp\/v2\/users\/2"}],"replies":[{"embeddable":true,"href":"https:\/\/www.europesays.com\/de\/wp-json\/wp\/v2\/comments?post=1233847"}],"version-history":[{"count":0,"href":"https:\/\/www.europesays.com\/de\/wp-json\/wp\/v2\/posts\/1233847\/revisions"}],"wp:featuredmedia":[{"embeddable":true,"href":"https:\/\/www.europesays.com\/de\/wp-json\/wp\/v2\/media\/329526"}],"wp:attachment":[{"href":"https:\/\/www.europesays.com\/de\/wp-json\/wp\/v2\/media?parent=1233847"}],"wp:term":[{"taxonomy":"category","embeddable":true,"href":"https:\/\/www.europesays.com\/de\/wp-json\/wp\/v2\/categories?post=1233847"},{"taxonomy":"post_tag","embeddable":true,"href":"https:\/\/www.europesays.com\/de\/wp-json\/wp\/v2\/tags?post=1233847"}],"curies":[{"name":"wp","href":"https:\/\/api.w.org\/{rel}","templated":true}]}}