{"id":1233853,"date":"2026-08-13T14:02:25","date_gmt":"2026-08-13T14:02:25","guid":{"rendered":"https:\/\/www.europesays.com\/de\/1233853\/"},"modified":"2026-08-13T14:02:25","modified_gmt":"2026-08-13T14:02:25","slug":"strategiewechsel-kiew-will-weniger-infos-zu-russischen-raketenangriffen-geben","status":"publish","type":"post","link":"https:\/\/www.europesays.com\/de\/1233853\/","title":{"rendered":"Strategiewechsel: Kiew will weniger Infos zu russischen Raketenangriffen geben"},"content":{"rendered":"<p>\nKrieg in der Ukraine\n<\/p>\n<p>Aktualisiert am 13.08.2026, 15:34 Uhr\n<\/p>\n<p><a href=\"https:\/\/i0.web.de\/image\/176\/42610176,pd=1.jpg\" data-brain-zone=\".42610166.content.lead.1\" data-component-path=\"content.lead.1\" data-component-name=\"article-image\" rel=\"nofollow noopener\" target=\"_blank\"> <\/p>\n<p><img loading=\"lazy\" decoding=\"async\" src=\"https:\/\/www.europesays.com\/de\/wp-content\/uploads\/2026\/08\/42610176,pd=1,f=responsive169-w950.jpg\" alt=\"\" width=\"950\" height=\"534\"\/><\/p>\n<p><\/a> <\/p>\n<p>\nUkrainische Einsatzkr\u00e4fte blicken auf die Einschlagstelle einer russischen Rakete. (Archivbild\/Symbolbild)<br \/>\n\u00a9\u00a0IMAGO\/NurPhoto\/IMAGO\/Dmytro Smolienko\n<\/p>\n<p class=\"content__description\" data-speakable=\"\">Wie viele Raketen hat Russland auf die Ukraine abgefeuert und welche davon wurden abgewehrt: Bisher lieferte Kiew t\u00e4glich pr\u00e4zise Zahlen zu Attacken des Kremls. Damit ist nun Schluss. Doch warum, dazu schweigt sich die Ukraine bislang aus. <\/p>\n<p data-speakable=\"\">Inmitten zunehmender russischer Attacken hat die Ukraine entschieden, ab sofort keine genauen Angaben mehr zu russischen Raketenangriffen zu machen. Es w\u00fcrden &#8222;bestimmte \u00c4nderungen&#8220; bei den t\u00e4glichen Morgenberichten eingef\u00fchrt, erkl\u00e4rte am Mittwoch Luftwaffensprecher Jurij Ihnat im Onlinedienst Facebook. Unter anderem solle nicht mehr die Zahl der von Russland auf die Ukraine abgefeuerten Raketen genannt werden.<\/p>\n<p><strong>Empfehlungen der Redaktion<\/strong><\/p>\n<p data-speakable=\"\">Auch die Zahl der von der ukrainischen Luftwaffe zerst\u00f6rten oder abgefangenen Raketen werde nicht mehr genannt, teilte Ihnat mit. Gleiches gelte f\u00fcr russische Raketen, &#8222;die ihr Ziel nicht erreicht haben&#8220;. Bisher hatten die ukrainischen Streitkr\u00e4fte de facto t\u00e4glich eine Bilanz der russischen Angriffe mit genauen Zahlen ver\u00f6ffentlicht. <\/p>\n<p data-speakable=\"\">K\u00fcnftig werde die Ukraine nur noch allgemeine Angaben zu den russischen Angriffen machen, k\u00fcndigte der Luftwaffensprecher an. Zugleich versicherte er, dass die Bev\u00f6lkerung weiterhin in Echtzeit vor Angriffen gewarnt und Luftalarm ausgel\u00f6st werden solle. Details zu den Hintergr\u00fcnden f\u00fcr die \u00c4nderungen bei den Berichten gab Ihnat allerdings nicht an. <\/p>\n<p data-speakable=\"\">Die Truppen Moskaus feuerten laut Ihnat im Juli mehr als 450 Raketen verschiedener Typen auf die Ukraine ab. Darunter seien fast 200 ballistische Raketen gewesen. (afp\/bearbeitet von thp)<\/p>\n","protected":false},"excerpt":{"rendered":"Krieg in der Ukraine Aktualisiert am 13.08.2026, 15:34 Uhr Ukrainische Einsatzkr\u00e4fte blicken auf die Einschlagstelle einer russischen Rakete.&hellip;\n","protected":false},"author":2,"featured_media":1233854,"comment_status":"","ping_status":"","sticky":false,"template":"","format":"standard","meta":{"footnotes":"","_share_on_mastodon":"0"},"categories":[4013],"tags":[331,332,13,200951,5793,14,15,1170,4043,4044,850,307,12,317],"class_list":["post-1233853","post","type-post","status-publish","format-standard","has-post-thumbnail","category-russland","tag-aktuelle-nachrichten","tag-aktuelle-news","tag-headlines","tag-jurij-ihnat","tag-kiew","tag-nachrichten","tag-news","tag-rakete","tag-russia","tag-russian-federation","tag-russische-foederation","tag-russland","tag-schlagzeilen","tag-ukraine"],"share_on_mastodon":{"url":"https:\/\/pubeurope.com\/@de\/117088576430765307","error":""},"_links":{"self":[{"href":"https:\/\/www.europesays.com\/de\/wp-json\/wp\/v2\/posts\/1233853","targetHints":{"allow":["GET"]}}],"collection":[{"href":"https:\/\/www.europesays.com\/de\/wp-json\/wp\/v2\/posts"}],"about":[{"href":"https:\/\/www.europesays.com\/de\/wp-json\/wp\/v2\/types\/post"}],"author":[{"embeddable":true,"href":"https:\/\/www.europesays.com\/de\/wp-json\/wp\/v2\/users\/2"}],"replies":[{"embeddable":true,"href":"https:\/\/www.europesays.com\/de\/wp-json\/wp\/v2\/comments?post=1233853"}],"version-history":[{"count":0,"href":"https:\/\/www.europesays.com\/de\/wp-json\/wp\/v2\/posts\/1233853\/revisions"}],"wp:featuredmedia":[{"embeddable":true,"href":"https:\/\/www.europesays.com\/de\/wp-json\/wp\/v2\/media\/1233854"}],"wp:attachment":[{"href":"https:\/\/www.europesays.com\/de\/wp-json\/wp\/v2\/media?parent=1233853"}],"wp:term":[{"taxonomy":"category","embeddable":true,"href":"https:\/\/www.europesays.com\/de\/wp-json\/wp\/v2\/categories?post=1233853"},{"taxonomy":"post_tag","embeddable":true,"href":"https:\/\/www.europesays.com\/de\/wp-json\/wp\/v2\/tags?post=1233853"}],"curies":[{"name":"wp","href":"https:\/\/api.w.org\/{rel}","templated":true}]}}