{"id":1233933,"date":"2026-08-13T14:47:21","date_gmt":"2026-08-13T14:47:21","guid":{"rendered":"https:\/\/www.europesays.com\/de\/1233933\/"},"modified":"2026-08-13T14:47:21","modified_gmt":"2026-08-13T14:47:21","slug":"berlin-kabinett-bringt-bafoeg-erhoehung-auf-den-weg-2","status":"publish","type":"post","link":"https:\/\/www.europesays.com\/de\/1233933\/","title":{"rendered":"Berlin | Kabinett bringt Baf\u00f6g-Erh\u00f6hung auf den Weg"},"content":{"rendered":"<p>Berlin (dpa) &#8211; Baf\u00f6g-Empf\u00e4nger sollen im n\u00e4chsten Jahr mehr Geld bekommen. Das Bundeskabinett in Berlin hat eine entsprechende Reform der Ausbildungsfinanzierung auf den Weg gebracht. Der Gesetzentwurf soll im Herbst in Bundestag und Bundesrat beraten und verabschiedet werden.\u00a0<\/p>\n<p>Die im Baf\u00f6g enthaltene Wohnkostenpauschale f\u00fcr diejenigen, die nicht mehr bei den Eltern wohnen, soll demnach zum Sommersemester 2027 von jetzt 380 auf 440 Euro im Monat steigen. Der sogenannte Baf\u00f6g-Grundbedarf f\u00fcr Studierende, der aktuell bei 475 Euro liegt, wird danach in zwei Schritten auf das aktuelle Niveau der Grundsicherung angehoben: zum Wintersemester 2027\/28 auf 503 und zum Sommersemester 2029 auf 563 Euro. Auch das Sch\u00fcler-Baf\u00f6g steigt.<\/p>\n<p>B\u00e4r sieht Aufstiegsversprechen durch Baf\u00f6g gew\u00e4hrleistet<\/p>\n<p>Bundesforschungsministerin Dorothee B\u00e4r (CSU) sagte: \u00abMit dem Kabinettbeschluss sind wir einen entscheidenden Schritt gegangen, damit das Baf\u00f6g sein Aufstiegsversprechen erf\u00fcllen kann.\u00bb Das Baf\u00f6g sei und bleibe die zentrale gesetzliche Leistung zur Finanzierung von akademischen und schulischen Ausbildungen.<\/p>\n<p>H\u00f6here Wohnkostenpauschale sollte fr\u00fcher kommen\u00a0<\/p>\n<p>Die Erh\u00f6hung der Wohnkostenpauschale war urspr\u00fcnglich schon f\u00fcr das bevorstehende Wintersemester geplant gewesen. Die Koalition hatte sich aber lange nicht auf die Finanzierung der Reform verst\u00e4ndigen k\u00f6nnen, was zu Verz\u00f6gerungen f\u00fchrte. Studierendenvertreter hatten lange auf eine Baf\u00f6g-Anhebung gedr\u00e4ngt. Sie verwiesen auf die gestiegenen Lebenshaltungskosten, besonders die Wohnkosten.<\/p>\n","protected":false},"excerpt":{"rendered":"Berlin (dpa) &#8211; Baf\u00f6g-Empf\u00e4nger sollen im n\u00e4chsten Jahr mehr Geld bekommen. Das Bundeskabinett in Berlin hat eine entsprechende&hellip;\n","protected":false},"author":2,"featured_media":1231584,"comment_status":"","ping_status":"","sticky":false,"template":"","format":"standard","meta":{"footnotes":"","_share_on_mastodon":"0"},"categories":[1825],"tags":[1941,1939,296,1937,752,29,30,2766,1940,1938,1458],"class_list":["post-1233933","post","type-post","status-publish","format-standard","has-post-thumbnail","category-berlin","tag-aktuelle-nachrichten-aus-berlin","tag-aktuelle-news-aus-berlin","tag-berlin","tag-berlin-news","tag-bildung","tag-deutschland","tag-germany","tag-hochschule","tag-nachrichten-aus-berlin","tag-news-aus-berlin","tag-soziales"],"share_on_mastodon":{"url":"https:\/\/pubeurope.com\/@de\/117088750624461063","error":""},"_links":{"self":[{"href":"https:\/\/www.europesays.com\/de\/wp-json\/wp\/v2\/posts\/1233933","targetHints":{"allow":["GET"]}}],"collection":[{"href":"https:\/\/www.europesays.com\/de\/wp-json\/wp\/v2\/posts"}],"about":[{"href":"https:\/\/www.europesays.com\/de\/wp-json\/wp\/v2\/types\/post"}],"author":[{"embeddable":true,"href":"https:\/\/www.europesays.com\/de\/wp-json\/wp\/v2\/users\/2"}],"replies":[{"embeddable":true,"href":"https:\/\/www.europesays.com\/de\/wp-json\/wp\/v2\/comments?post=1233933"}],"version-history":[{"count":0,"href":"https:\/\/www.europesays.com\/de\/wp-json\/wp\/v2\/posts\/1233933\/revisions"}],"wp:featuredmedia":[{"embeddable":true,"href":"https:\/\/www.europesays.com\/de\/wp-json\/wp\/v2\/media\/1231584"}],"wp:attachment":[{"href":"https:\/\/www.europesays.com\/de\/wp-json\/wp\/v2\/media?parent=1233933"}],"wp:term":[{"taxonomy":"category","embeddable":true,"href":"https:\/\/www.europesays.com\/de\/wp-json\/wp\/v2\/categories?post=1233933"},{"taxonomy":"post_tag","embeddable":true,"href":"https:\/\/www.europesays.com\/de\/wp-json\/wp\/v2\/tags?post=1233933"}],"curies":[{"name":"wp","href":"https:\/\/api.w.org\/{rel}","templated":true}]}}