{"id":1233964,"date":"2026-08-13T15:05:20","date_gmt":"2026-08-13T15:05:20","guid":{"rendered":"https:\/\/www.europesays.com\/de\/1233964\/"},"modified":"2026-08-13T15:05:20","modified_gmt":"2026-08-13T15:05:20","slug":"ist-das-noch-entwicklungshilfe-612-mio-euro-gehen-an-gender-projekte-politik","status":"publish","type":"post","link":"https:\/\/www.europesays.com\/de\/1233964\/","title":{"rendered":"Ist das noch Entwicklungshilfe? 612 Mio. Euro gehen an Gender-Projekte | Politik"},"content":{"rendered":"<p><a class=\"skip-content skip-content--link\" href=\"#in-content-skip-link-target-v-0-0\">TTS-Player \u00fcberspringen\u21b5<\/a><a id=\"in-content-skip-link-target-v-0-0\" class=\"skip-content--target-link-hidden skip-content skip-content--target-link\" href=\"#in-content-skip-link-target-v-0-0\">Artikel weiterlesen<\/a><\/p>\n<p data-83f060b9=\"0-2420\">Berlin \u2013 <b>\u201eLinks ist vorbei\u201c, verk\u00fcndete Friedrich Merz (70, CDU) am Vorabend der Bundestagswahl. Doch bei der Entwicklungshilfe ist davon bislang wenig zu sp\u00fcren: Laut \u201eNeue Z\u00fcrcher Zeitung\u201c (NZZ) wurden 2025 weltweit 612 Millionen Euro deutsches Steuergeld f\u00fcr teils fragw\u00fcrdige Gender-Projekte ausgezahlt. Das sind zwar 13 Prozent weniger als 2024 mit 704 Millionen Euro, aber deutlich mehr als unter der Ampel-Vorg\u00e4ngerregierung.<\/b><\/p>\n<p data-83f060b9=\"0-2420\">Laut einer <a href=\"https:\/\/dserver.bundestag.de\/btd\/21\/056\/2105630.pdf\" target=\"_blank\" rel=\"nofollow noopener\" class=\"text-link\">AfD-Anfrage<\/a> f\u00f6rderte die Deutsche Botschaft ein Theaterst\u00fcck in Skopje (Nordmazedonien) \u00fcber einen AIDS-kranken Mann, der prophetische Visionen von einem Engel hat, der \u201emit acht Vaginen\u201c beschrieben wird.<\/p>\n<p data-83f060b9=\"0-2420\">Das klingt nicht gerade nach dem angek\u00fcndigten Ende ideologischer Weltverbesserei. Schlie\u00dflich sollte Entwicklungshilfe k\u00fcnftig vor allem deutschen Interessen dienen. <a href=\"https:\/\/www.bild.de\/themen\/organisationen\/bundesministerium-wirtschaftliche-zusammenarbeit\/politik-nachrichten-news-fotos-videos-20464616.bild.html\" class=\"text-link\" rel=\"nofollow noopener\" target=\"_blank\">Entwicklungshilfeministerin<\/a> Reem Alabali Radovan (36, <a href=\"https:\/\/www.bild.de\/politik\/inland\/spd\/spd-alle-infos-76661710.bild.html\" class=\"text-link\" rel=\"nofollow noopener\" target=\"_blank\">SPD<\/a>) formulierte es im Januar so: \u201eEntwicklungszusammenarbeit ist kein moralischer Luxus, sondern strategische Notwendigkeit.\u201c<\/p>\n<p><img decoding=\"async\" width=\"992\" height=\"558\" alt=\"Entwicklungshilfeministerin Reem Alabali Radovan (36, SPD)\" loading=\"lazy\" src=\"https:\/\/www.europesays.com\/de\/wp-content\/uploads\/2026\/08\/1e323d6ac8386d76f79974ced8f65cf1,8b715eff.jpeg\"   class=\"landscape\"\/><\/p>\n<p class=\"fig__caption__text\">Entwicklungshilfeministerin Reem Alabali Radovan (36, SPD) <\/p>\n<p>Foto: Getty Images<\/p>\n<p data-83f060b9=\"0-2420\">Doch bei den Gender-Projekten bleibt der Kurs weitgehend derselbe. Ihr Anteil am gesamten Entwicklungshaushalt sank nur leicht von 5,6 auf 5,4 Prozent. So flossen 2026 etwa 1,1 Mio. Euro an den Weltdachverband von LGBTQ-Organisationen. Das Geld soll laut Ministerium in die \u201eweltweit gr\u00f6\u00dfte Zusammenstellung von \u00fcber 3500 Gesetzen zu sexueller Orientierung, Geschlechtsidentit\u00e4t, -ausdruck und Geschlechtsmerkmalen\u201c flie\u00dfen.<\/p>\n<p>20 Mio. Euro f\u00fcr feministische Transformation in Afrika<\/p>\n<p data-83f060b9=\"0-2420\">Dabei will die Bundesregierung die Entwicklungshilfe eigentlich zur strategischen Waffe deutscher Au\u00dfenpolitik machen. Doch gleichzeitig sollen \u2013 laut einem Ministeriumssprecher gegen\u00fcber der NZZ \u2013 weiterhin Vorgaben aus der Ampel-Zeit gelten, dass 93 Prozent aller neuen Projekte einen Beitrag zur Gleichstellung der Geschlechter leisten.<\/p>\n<p data-83f060b9=\"0-2420\">Die Folge: In Indonesien werden mit 392.000 Euro \u201e\u00f6kofeministische Ans\u00e4tze\u201c in der lokalen Politik gef\u00f6rdert. \u201e\u00d6kofeminismus\u201c? Eine Str\u00f6mung, die auf der steilen These basiert, Frauen und Natur w\u00fcrden auf \u00e4hnliche Weise als \u201everf\u00fcgbare Ressource\u201c behandelt, kontrolliert und ausgebeutet.<\/p>\n<p data-83f060b9=\"0-2420\">Feministische Entwicklungspolitik in Armenien, Kolumbien, Ruanda und Tunesien wird bis 2027 mit insgesamt 10 Millionen Euro unterst\u00fctzt. Und bis 2028 werden mit weiteren 20 Millionen Euro \u201elokale und regionale zivilgesellschaftliche Akteure f\u00fcr die feministische Transformation in Afrika\u201c gest\u00e4rkt.<\/p>\n","protected":false},"excerpt":{"rendered":"TTS-Player \u00fcberspringen\u21b5Artikel weiterlesen Berlin \u2013 \u201eLinks ist vorbei\u201c, verk\u00fcndete Friedrich Merz (70, CDU) am Vorabend der Bundestagswahl. Doch&hellip;\n","protected":false},"author":2,"featured_media":1233965,"comment_status":"","ping_status":"","sticky":false,"template":"","format":"standard","meta":{"footnotes":"","_share_on_mastodon":"0"},"categories":[5],"tags":[16302,1095,1152,9196,11393,13,32,14,15,12,12874,184,2185,138370,10,8,9,11],"class_list":["post-1233964","post","type-post","status-publish","format-standard","has-post-thumbnail","category-nachrichten","tag-afrika","tag-ampelkoalition","tag-die-gruenen","tag-entwicklungshilfe","tag-feminismus","tag-headlines","tag-merz-friedrich","tag-nachrichten","tag-news","tag-schlagzeilen","tag-scholz-olaf","tag-spd","tag-strom","tag-team-first","tag-top-news","tag-top-meldungen","tag-topmeldungen","tag-topnews"],"share_on_mastodon":{"url":"https:\/\/pubeurope.com\/@de\/117088821487866048","error":""},"_links":{"self":[{"href":"https:\/\/www.europesays.com\/de\/wp-json\/wp\/v2\/posts\/1233964","targetHints":{"allow":["GET"]}}],"collection":[{"href":"https:\/\/www.europesays.com\/de\/wp-json\/wp\/v2\/posts"}],"about":[{"href":"https:\/\/www.europesays.com\/de\/wp-json\/wp\/v2\/types\/post"}],"author":[{"embeddable":true,"href":"https:\/\/www.europesays.com\/de\/wp-json\/wp\/v2\/users\/2"}],"replies":[{"embeddable":true,"href":"https:\/\/www.europesays.com\/de\/wp-json\/wp\/v2\/comments?post=1233964"}],"version-history":[{"count":0,"href":"https:\/\/www.europesays.com\/de\/wp-json\/wp\/v2\/posts\/1233964\/revisions"}],"wp:featuredmedia":[{"embeddable":true,"href":"https:\/\/www.europesays.com\/de\/wp-json\/wp\/v2\/media\/1233965"}],"wp:attachment":[{"href":"https:\/\/www.europesays.com\/de\/wp-json\/wp\/v2\/media?parent=1233964"}],"wp:term":[{"taxonomy":"category","embeddable":true,"href":"https:\/\/www.europesays.com\/de\/wp-json\/wp\/v2\/categories?post=1233964"},{"taxonomy":"post_tag","embeddable":true,"href":"https:\/\/www.europesays.com\/de\/wp-json\/wp\/v2\/tags?post=1233964"}],"curies":[{"name":"wp","href":"https:\/\/api.w.org\/{rel}","templated":true}]}}