{"id":1233981,"date":"2026-08-13T15:16:15","date_gmt":"2026-08-13T15:16:15","guid":{"rendered":"https:\/\/www.europesays.com\/de\/1233981\/"},"modified":"2026-08-13T15:16:15","modified_gmt":"2026-08-13T15:16:15","slug":"gartenhuette-in-der-hammerschmiede-geht-in-flammen-auf","status":"publish","type":"post","link":"https:\/\/www.europesays.com\/de\/1233981\/","title":{"rendered":"Gartenh\u00fctte in der Hammerschmiede geht in Flammen auf"},"content":{"rendered":"<p class=\"mb-6 text-xs-varying md:text-m lg:text-l font-serif group-[.font-sans]:font-sans \">\n    Mehrere Anrufer alarmierten am Mittwoch, um 16.47 Uhr, die Berufsfeuerwehr <a href=\"https:\/\/www.augsburger-allgemeine.de\/augsburg\/\" target=\"_self\" class=\"underline \" rel=\"nofollow noopener\">Augsburg<\/a> wegen eines Brandes in einem Garten im Kirschenweg in der Hammerschmiede. Bereits auf der Anfahrt sei eine dichte, schwarze Rauchwolke \u00fcber dem Wohngebiet deutlich sichtbar gewesen. Vor Ort brannte ein Schuppen, der unmittelbar an ein Wohnhaus angrenzte. Die Flammen hatten bereits auf eine Hecke \u00fcbergegriffen, so die Berufsfeuerwehr.\n  <\/p>\n<p class=\"mb-6 text-xs-varying md:text-m lg:text-l font-serif group-[.font-sans]:font-sans \">\n    Sie konnte das Feuer schnell unter Kontrolle bringen. Anschlie\u00dfend wurde das angrenzende Wohngeb\u00e4ude kontrolliert. Durch die starke Hitzeeinwirkung waren die Kunststoffrolll\u00e4den bereits angeschmolzen. Eine Ausbreitung des Brandes auf das Geb\u00e4ude konnte jedoch verhindert werden. Verletzt wurde bei dem Brand niemand. Gegen 18 Uhr war der Einsatz beendet.\n  <\/p>\n<p class=\"mb-6 text-xs-varying md:text-m lg:text-l font-serif group-[.font-sans]:font-sans \">\n    Die Brandursache und die H\u00f6he des entstandenen Sachschadens sind derzeit nicht bekannt. (ziss)\n  <\/p>\n","protected":false},"excerpt":{"rendered":"Mehrere Anrufer alarmierten am Mittwoch, um 16.47 Uhr, die Berufsfeuerwehr Augsburg wegen eines Brandes in einem Garten im&hellip;\n","protected":false},"author":2,"featured_media":1233982,"comment_status":"","ping_status":"","sticky":false,"template":"","format":"standard","meta":{"footnotes":"","_share_on_mastodon":"0"},"categories":[1846],"tags":[680,772,2775,3364,29,548,663,3934,985,13948,30,13,256073,14,15,12],"class_list":["post-1233981","post","type-post","status-publish","format-standard","has-post-thumbnail","category-augsburg","tag-augsburg","tag-bayern","tag-berufsfeuerwehr","tag-de","tag-deutschland","tag-eu","tag-europa","tag-europe","tag-feuerwehr","tag-gartenhuette","tag-germany","tag-headlines","tag-kirschenweg","tag-nachrichten","tag-news","tag-schlagzeilen"],"share_on_mastodon":{"url":"https:\/\/pubeurope.com\/@de\/117088864620021679","error":""},"_links":{"self":[{"href":"https:\/\/www.europesays.com\/de\/wp-json\/wp\/v2\/posts\/1233981","targetHints":{"allow":["GET"]}}],"collection":[{"href":"https:\/\/www.europesays.com\/de\/wp-json\/wp\/v2\/posts"}],"about":[{"href":"https:\/\/www.europesays.com\/de\/wp-json\/wp\/v2\/types\/post"}],"author":[{"embeddable":true,"href":"https:\/\/www.europesays.com\/de\/wp-json\/wp\/v2\/users\/2"}],"replies":[{"embeddable":true,"href":"https:\/\/www.europesays.com\/de\/wp-json\/wp\/v2\/comments?post=1233981"}],"version-history":[{"count":0,"href":"https:\/\/www.europesays.com\/de\/wp-json\/wp\/v2\/posts\/1233981\/revisions"}],"wp:featuredmedia":[{"embeddable":true,"href":"https:\/\/www.europesays.com\/de\/wp-json\/wp\/v2\/media\/1233982"}],"wp:attachment":[{"href":"https:\/\/www.europesays.com\/de\/wp-json\/wp\/v2\/media?parent=1233981"}],"wp:term":[{"taxonomy":"category","embeddable":true,"href":"https:\/\/www.europesays.com\/de\/wp-json\/wp\/v2\/categories?post=1233981"},{"taxonomy":"post_tag","embeddable":true,"href":"https:\/\/www.europesays.com\/de\/wp-json\/wp\/v2\/tags?post=1233981"}],"curies":[{"name":"wp","href":"https:\/\/api.w.org\/{rel}","templated":true}]}}