{"id":1234057,"date":"2026-08-13T16:02:16","date_gmt":"2026-08-13T16:02:16","guid":{"rendered":"https:\/\/www.europesays.com\/de\/1234057\/"},"modified":"2026-08-13T16:02:16","modified_gmt":"2026-08-13T16:02:16","slug":"nfl-flair-in-duesseldorf-so-begeistert-die-flag-football-wm-in-garath-die-fans","status":"publish","type":"post","link":"https:\/\/www.europesays.com\/de\/1234057\/","title":{"rendered":"NFL-Flair in D\u00fcsseldorf: So begeistert die Flag-Football-WM in Garath die Fans"},"content":{"rendered":"<p class=\"text_ohne_einzug richtext text-em-55 !leading-serif mx-6 desktop:mx-0\">Susan und Colin Cass haben es sich auf zwei St\u00fchlen unter einem gro\u00dfen Pavillonzelt am Rand der Bezirkssportanlage in Garath gem\u00fctlich gemacht. Sie tragen die typisch gelben Trikots mit dunkelgr\u00fcnem Rand, die man von australischen Fu\u00dfball-Teams bei Weltmeisterschaften kennt. Der seitlich quer nach oben verlaufende Schriftzug \u201eAustralia\u201c ist nicht zu \u00fcbersehen. Das Paar hatte wohl eine der l\u00e4ngsten Anreisen zur Flag-Football-WM, die seit Donnerstag in der Landeshauptstadt l\u00e4uft, der ersten WM in dieser Sportart auf deutschem Boden.<\/p>\n<p class=\"richtext text-em-55 !leading-serif mx-6 desktop:mx-0\">Noch bis Sonntag k\u00e4mpfen 15 m\u00e4nnliche und 15 weibliche Teams um die WM-Pokale sowie um je zwei Direkt-Tickets f\u00fcr die Olympischen Spiele 2028 in <a href=\"https:\/\/rp-online.de\/thema\/los-angeles\/\" rel=\"nofollow noopener\" target=\"_blank\">Los Angeles<\/a>. Da ist diese recht neue Sportart das erste Mal dabei. Und je nachdem, ob sich das australische Frauen-Team schon bei dem Turnier in Garath oder sp\u00e4ter bei einer noch auszuspielenden pazifischen Runde qualifiziert, werden auch Susan und Colin Cass am Spielfeldrand die Daumen dr\u00fccken. Vor allem ihrer Enkeltochter Zoe, die die australischen Farben gerade schon bei der WM in Deutschland vertritt.<\/p>\n<p class=\"richtext text-em-55 !leading-serif mx-6 desktop:mx-0\">Erst seit M\u00e4rz sei klar, dass Zoe im Nationalteam stehe, erz\u00e4hlt ihre Gro\u00dfmutter: \u201eSie hat zuvor auf hohem Niveau Rugby und Oz-Tag gespielt.\u201c Oz-Tag ist in <a href=\"https:\/\/rp-online.de\/thema\/australien\/\" rel=\"nofollow noopener\" target=\"_blank\">Australien<\/a> popul\u00e4r und mit Flag Football verwandt. Als dann klar gewesen sei, dass Flag-Football in zwei Jahren seine Olympia-Premiere feiert, stellte Australien schnell ein Frauen-Team zusammen.<\/p>\n<p class=\"richtext text-em-55 !leading-serif mx-6 desktop:mx-0\">Und wie war die WM-Premiere der Enkelin? \u201eSie hat gut gespielt\u201c, sagt Colin Cass. Die Niederlage gegen die favorisierte USA sei keine \u00dcberraschung gewesen: \u201eDas sind die Top-Favoritinnen.\u201c Colin und Susan Cass haben am Freitag Zeit f\u00fcr Sightseeing, weil Zoe spielfrei hat. Beide Teams aus Nigeria mussten wegen Visa-Problemen kurzfristig ihre Teilnahme absagen. Die deutschen Frauen verloren ihr Auftaktspiel gegen <a href=\"https:\/\/rp-online.de\/thema\/mexiko\/\" rel=\"nofollow noopener\" target=\"_blank\">Mexiko<\/a> mit 14:38.<\/p>\n<p class=\"richtext text-em-55 !leading-serif mx-6 desktop:mx-0\">Das eine oder andere Sehenswerte in der NRW-Landeshauptstadt kennt das Paar schon. \u201eWir haben einen Freund, der in Neuss wohnt, den ich schon \u00f6fter besucht habe\u201c, sagt Colin Cass.<\/p>\n<p class=\"richtext text-em-55 !leading-serif mx-6 desktop:mx-0\">Am Donnerstag mussten sie noch die Zeit bis zum n\u00e4chsten Spiel um 15 Uhr \u00fcberbr\u00fccken. Doch das sei kein Problem, da es ein gro\u00dfes Angebot an St\u00e4nden und Rahmenprogramm gebe, sagt Susan Cass. Beide loben die von B\u00e4umen ges\u00e4umte Anlage in Garath und die Stimmung. Sie seien \u201every impressed\u201c, sagen sie.<\/p>\n<p class=\"richtext text-em-55 !leading-serif mx-6 desktop:mx-0\">Sehr beeindruckt vom Ambiente auf der Garather Bezirkssportanlage ist auch der deutsche Nationalspieler Luca Bultmann. Gerade hat sein Team das Auftaktspiel gegen Titelmitfavorit Mexiko mit 22:30 verloren. \u201eDas h\u00e4tte auch gut andersrum ausgehen k\u00f6nnen, das war echt knapp\u201c, sagt der D\u00fcsseldorfer, der sonst f\u00fcr die in Garath beheimateten Firecats aufl\u00e4uft. \u201eIch kenne die Anlage ja von unseren Trainings. Sonst ist hier nicht so viel los\u201c, sagt Bultmann. Aber als er am Donnerstagmorgen im Stadion angekommen sei, sei er \u201egeflasht\u201c gewesen.<\/p>\n<p class=\"richtext text-em-55 !leading-serif mx-6 desktop:mx-0\">Das gelte auch wegen des herzlichen Miteinanders der Sportler und Fans aus aller Welt. Im Laufe des Tages f\u00fcllte sich das Areal zusehends. Wie eng Flag Football mit American Football verbunden ist, zeigt sich auch an den St\u00e4nden auf der Anlage. Mit den <a href=\"https:\/\/rp-online.de\/thema\/atlanta-falcons\/\" rel=\"nofollow noopener\" target=\"_blank\">Atlanta Falcons<\/a>, Indianapolis Colts, <a href=\"https:\/\/rp-online.de\/thema\/kansas-city-chiefs\/\" rel=\"nofollow noopener\" target=\"_blank\">Kansas City Chiefs<\/a>, <a href=\"https:\/\/rp-online.de\/thema\/new-england-patriots\/\" rel=\"nofollow noopener\" target=\"_blank\">New England Patriots<\/a>, New York Giants und <a href=\"https:\/\/rp-online.de\/thema\/seattle-seahawks\/\" rel=\"nofollow noopener\" target=\"_blank\">Seattle Seahawks<\/a> sind sechs Klubs aus der NFL vertreten.<\/p>\n<p class=\"richtext text-em-55 !leading-serif mx-6 desktop:mx-0\">An allen Tagen gibt es ein von den New York Giants und der NFL Deutschland organisiertes Programm f\u00fcr die jungen Besucher. Sie k\u00f6nnen Footballs werfen, am Gl\u00fccksrad drehen oder testen, mit welcher Kraft sie einen imagin\u00e4ren Gegner wegschieben k\u00f6nnten. Oder sich an der Schlange am Merchandising-Stand anstellen.<\/p>\n<p class=\"richtext text-em-55 !leading-serif mx-6 desktop:mx-0\">Ruhig angehen l\u00e4sst es erst einmal eine junge Familie, die mit dem Auto aus Wesseling gekommen ist und sich die Auftaktniederlage der deutschen M\u00e4nner ansieht. Die Familie interessiert sich f\u00fcr US-amerikanische Sportarten und habe schon Base- und Softball gespielt, berichtet die junge Mutter. Er tr\u00e4gt ein K\u00e4ppi, auf dem vorne NFL steht. Wie sie von dem Event in Garath erfahren haben? \u201eAus dem Internet\u201c, sagt der Vater einer dreij\u00e4hrigen Tochter. Karten hatten sie sich nur f\u00fcr den Auftakttag besorgt. Diese mussten im Internet bestellt werden, waren aber kostenlos. Insgesamt werden sich laut Veranstalter bis Sonntagabend 19.000 Zuschauer Spiele der Flag-Football-WM angesehen haben. F\u00fcr Nationalspieler Luca Bultmann ist diese junge Sportart \u00fcbrigens die coolere Variante zu American Football.<\/p>\n<p class=\"richtext text-em-55 !leading-serif mx-6 desktop:mx-0\">Die Sonntagstickets sind bereits ausverkauft, sie kosteten f\u00fcnf Euro. Am Donnerstag gegen 16 Uhr konnte man noch kostenlose Karten f\u00fcr Freitag und Samstag buchen.<\/p>\n","protected":false},"excerpt":{"rendered":"Susan und Colin Cass haben es sich auf zwei St\u00fchlen unter einem gro\u00dfen Pavillonzelt am Rand der Bezirkssportanlage&hellip;\n","protected":false},"author":2,"featured_media":1234058,"comment_status":"","ping_status":"","sticky":false,"template":"","format":"standard","meta":{"footnotes":"","_share_on_mastodon":"0"},"categories":[1831],"tags":[3364,29,3405,7852,30,1209,99615,4051,8682],"class_list":["post-1234057","post","type-post","status-publish","format-standard","has-post-thumbnail","category-duesseldorf","tag-de","tag-deutschland","tag-duesseldorf","tag-garath","tag-germany","tag-nordrhein-westfalen","tag-susan","tag-team","tag-xxx"],"share_on_mastodon":{"url":"https:\/\/pubeurope.com\/@de\/117089045565217218","error":""},"_links":{"self":[{"href":"https:\/\/www.europesays.com\/de\/wp-json\/wp\/v2\/posts\/1234057","targetHints":{"allow":["GET"]}}],"collection":[{"href":"https:\/\/www.europesays.com\/de\/wp-json\/wp\/v2\/posts"}],"about":[{"href":"https:\/\/www.europesays.com\/de\/wp-json\/wp\/v2\/types\/post"}],"author":[{"embeddable":true,"href":"https:\/\/www.europesays.com\/de\/wp-json\/wp\/v2\/users\/2"}],"replies":[{"embeddable":true,"href":"https:\/\/www.europesays.com\/de\/wp-json\/wp\/v2\/comments?post=1234057"}],"version-history":[{"count":0,"href":"https:\/\/www.europesays.com\/de\/wp-json\/wp\/v2\/posts\/1234057\/revisions"}],"wp:featuredmedia":[{"embeddable":true,"href":"https:\/\/www.europesays.com\/de\/wp-json\/wp\/v2\/media\/1234058"}],"wp:attachment":[{"href":"https:\/\/www.europesays.com\/de\/wp-json\/wp\/v2\/media?parent=1234057"}],"wp:term":[{"taxonomy":"category","embeddable":true,"href":"https:\/\/www.europesays.com\/de\/wp-json\/wp\/v2\/categories?post=1234057"},{"taxonomy":"post_tag","embeddable":true,"href":"https:\/\/www.europesays.com\/de\/wp-json\/wp\/v2\/tags?post=1234057"}],"curies":[{"name":"wp","href":"https:\/\/api.w.org\/{rel}","templated":true}]}}