{"id":1234103,"date":"2026-08-13T16:29:23","date_gmt":"2026-08-13T16:29:23","guid":{"rendered":"https:\/\/www.europesays.com\/de\/1234103\/"},"modified":"2026-08-13T16:29:23","modified_gmt":"2026-08-13T16:29:23","slug":"andreas-giebel-watzmann-ermittelt-star-dreht-nach-fussamputation-im-rollstuhl-unterhaltung","status":"publish","type":"post","link":"https:\/\/www.europesays.com\/de\/1234103\/","title":{"rendered":"Andreas Giebel: \u201eWatzmann ermittelt\u201c-Star dreht nach Fu\u00dfamputation im Rollstuhl | Unterhaltung"},"content":{"rendered":"<p><a class=\"skip-content skip-content--link\" href=\"#in-content-skip-link-target-v-0-0\">TTS-Player \u00fcberspringen\u21b5<\/a><a id=\"in-content-skip-link-target-v-0-0\" class=\"skip-content--target-link-hidden skip-content skip-content--target-link\" href=\"#in-content-skip-link-target-v-0-0\">Artikel weiterlesen<\/a><\/p>\n<p data-32581ace=\"0-2488\">Berchtesgaden (Bayern) \u2013  <b>Diese Nachricht d\u00fcrfte alle \u201eWatzmann ermittelt\u201c-Fans freuen: Schauspieler Andreas Giebel (68) steht wieder vor der Kamera! Im Juni berichtete BILD, dass dem beliebten Darsteller wegen langj\u00e4hriger gesundheitlicher Probleme der rechte Fu\u00df amputiert werden musste. Den Eingriff hat er zum Gl\u00fcck gut \u00fcberstanden, aktuell wird an neuen Folgen der erfolgreichen ARD-Vorabendserie gedreht. Ein erstes Foto zeigt Giebel nun am Set \u2013 l\u00e4chelnd sitzt er darauf in einem Rollstuhl.<\/b><\/p>\n<p data-32581ace=\"0-2488\">Seit Mitte Juni werden rund um Berchtesgaden, den Watzmann und die umliegende Region zw\u00f6lf Episoden der achten Staffel gedreht. Auch Andreas Giebel wird in seiner Rolle des Kriminalhauptkommissars Benedikt Beissl wieder mit dabei sein.<\/p>\n<p>Mehr zum ThemaOffene Wunde f\u00fchrte zu Fu\u00dfamputation<\/p>\n<p data-32581ace=\"0-2488\">Seit dem Start der Krimiserie im Jahr 2019 geh\u00f6rt Giebel zu den pr\u00e4genden Gesichtern des Formats. Nachdem BILD berichtete, dass bei ihm eine offene Wunde, die nicht mehr verheilte, zu einer Fu\u00dfamputation f\u00fchrte, machten sich viele Fans Sorgen. Sie f\u00fcrchteten um die Gesundheit des <a href=\"https:\/\/www.bild.de\/themen\/personen\/schauspieler-alle-news-und-videos-0EXP3rihm4c9YAjdYdtq\" class=\"text-link\" rel=\"nofollow noopener\" target=\"_blank\">Schauspielers<\/a> und fragten sich auch, ob er jetzt aus der Serie aussteigen muss.<\/p>\n<p><img decoding=\"async\" width=\"992\" height=\"1178\" alt=\"Andreas Giebel spielt in \u201eWatzmann ermittelt\u201c den Kriminalhauptkommissar Benedikt \u201eBene\u201c Beissl\" loading=\"lazy\" src=\"https:\/\/www.europesays.com\/de\/wp-content\/uploads\/2026\/08\/b0bde34c84ff933eef93c78891540174,252df6aa.jpeg\"   class=\"portrait\"\/><\/p>\n<p class=\"fig__caption__text\">Andreas Giebel spielt in \u201eWatzmann ermittelt\u201c den Kriminalhauptkommissar Benedikt \u201eBene\u201c Beissl<\/p>\n<p>Foto: Uwe Lein\/dpa<\/p>\n<p data-32581ace=\"0-2488\">Schon vor der Ver\u00f6ffentlichung des ersten Set-Fotos gab eine <a href=\"https:\/\/www.bild.de\/themen\/organisationen\/ard\/organisation-news-fotos-videos-19409060.bild.html\" class=\"text-link\" rel=\"nofollow noopener\" target=\"_blank\">ARD<\/a>-Sprecherin gegen\u00fcber BILD Entwarnung und teilte mit: \u201eAndreas Giebel wird auch Teil der achten Staffel von ,Watzmann ermittelt\u2018 sein.\u201c Was f\u00fcr eine gute Nachricht!<\/p>\n<p>Die Serie baut Giebels Situation in die Handlung ein<\/p>\n<p data-32581ace=\"0-2488\">\u201eVer\u00e4nderungen in allen Facetten geh\u00f6ren zum Leben\u201c, teilte die ARD jetzt in einer Pressemitteilung mit und verriet auch, wie der Schicksalsschlag von Andreas Giebel in die Story integriert wird. In den neuen Folgen ger\u00e4t Kommissar Beissl bei einem Einsatz in Lebensgefahr. Nach einer Schussverletzung \u00fcberlebt er nur knapp und unterst\u00fctzt die Ermittlungen zeitweise vom Krankenbett aus. So bleibt Giebels Figur zentraler Bestandteil der Serie. <\/p>\n<p><img decoding=\"async\" width=\"992\" height=\"558\" alt=\"Seit 2019 spielt Andreas Giebel bei \u201eWatzmann ermittelt\u201c mit\" loading=\"lazy\" src=\"https:\/\/www.europesays.com\/de\/wp-content\/uploads\/2026\/08\/c5ecd8c91cbd4f11d05f73d23001c71c,dab4f279.jpeg\"   class=\"landscape\"\/><\/p>\n<p class=\"fig__caption__text\">Seit 2019 spielt Andreas Giebel bei \u201eWatzmann ermittelt\u201c mit<\/p>\n<p>Foto: ARD\/Lucky Bird Pictures\/Luis Koppelkamm<\/p>\n<p>Neue Gesichter im Kommissariat<\/p>\n<p data-32581ace=\"0-2488\">Neben Benedikt Beissl ermitteln weiterhin Jerry Paulsen, gespielt von Peter Marton (43), und Sophia Strasser, dargestellt von Katharina Leonore Goebel (36). Doch die neue Staffel bringt auch frischen Wind ins Berchtesgadener Revier: Aglaia Szyszkowitz (58) st\u00f6\u00dft als Kommissarin Dr. Kira Cortesi zum Team. Ihre Figur wagt nach einer Trennung und l\u00e4ngerer Familienauszeit einen beruflichen Neustart in Bayern. <\/p>\n<p><img decoding=\"async\" width=\"992\" height=\"1178\" alt=\"Schauspielerin Aglaia Szyszkowitz (58)\" loading=\"lazy\" src=\"https:\/\/www.europesays.com\/de\/wp-content\/uploads\/2026\/08\/1dec7bbfca49bda4ed8cfa0553b35e1d,7efed8ac.jpeg\"   class=\"portrait\"\/><\/p>\n<p class=\"fig__caption__text\">Schauspielerin Aglaia Szyszkowitz (58)<\/p>\n<p>Foto: Geisler-Fotopress<\/p>\n<p data-32581ace=\"0-2488\">Au\u00dferdem \u00fcbernimmt Arne K\u00fcbler (31) die Rolle des Polizeiobermeisters Lukas Huber. Wann die neuen Folgen ausgestrahlt werden, hat die ARD noch nicht bekannt gegeben.<\/p>\n","protected":false},"excerpt":{"rendered":"TTS-Player \u00fcberspringen\u21b5Artikel weiterlesen Berchtesgaden (Bayern) \u2013 Diese Nachricht d\u00fcrfte alle \u201eWatzmann ermittelt\u201c-Fans freuen: Schauspieler Andreas Giebel (68) steht&hellip;\n","protected":false},"author":2,"featured_media":1234104,"comment_status":"","ping_status":"","sticky":false,"template":"","format":"standard","meta":{"footnotes":"","_share_on_mastodon":"0"},"categories":[155],"tags":[223,29,214,30,1472,1268,935,138370,215,108485],"class_list":["post-1234103","post","type-post","status-publish","format-standard","has-post-thumbnail","category-unterhaltung","tag-ard","tag-deutschland","tag-entertainment","tag-germany","tag-krimi","tag-muenchen","tag-schauspieler","tag-team-first","tag-unterhaltung","tag-watzmann"],"share_on_mastodon":{"url":"https:\/\/pubeurope.com\/@de\/117089154640407275","error":""},"_links":{"self":[{"href":"https:\/\/www.europesays.com\/de\/wp-json\/wp\/v2\/posts\/1234103","targetHints":{"allow":["GET"]}}],"collection":[{"href":"https:\/\/www.europesays.com\/de\/wp-json\/wp\/v2\/posts"}],"about":[{"href":"https:\/\/www.europesays.com\/de\/wp-json\/wp\/v2\/types\/post"}],"author":[{"embeddable":true,"href":"https:\/\/www.europesays.com\/de\/wp-json\/wp\/v2\/users\/2"}],"replies":[{"embeddable":true,"href":"https:\/\/www.europesays.com\/de\/wp-json\/wp\/v2\/comments?post=1234103"}],"version-history":[{"count":0,"href":"https:\/\/www.europesays.com\/de\/wp-json\/wp\/v2\/posts\/1234103\/revisions"}],"wp:featuredmedia":[{"embeddable":true,"href":"https:\/\/www.europesays.com\/de\/wp-json\/wp\/v2\/media\/1234104"}],"wp:attachment":[{"href":"https:\/\/www.europesays.com\/de\/wp-json\/wp\/v2\/media?parent=1234103"}],"wp:term":[{"taxonomy":"category","embeddable":true,"href":"https:\/\/www.europesays.com\/de\/wp-json\/wp\/v2\/categories?post=1234103"},{"taxonomy":"post_tag","embeddable":true,"href":"https:\/\/www.europesays.com\/de\/wp-json\/wp\/v2\/tags?post=1234103"}],"curies":[{"name":"wp","href":"https:\/\/api.w.org\/{rel}","templated":true}]}}