{"id":1234161,"date":"2026-08-13T17:03:19","date_gmt":"2026-08-13T17:03:19","guid":{"rendered":"https:\/\/www.europesays.com\/de\/1234161\/"},"modified":"2026-08-13T17:03:19","modified_gmt":"2026-08-13T17:03:19","slug":"pokemon-karten-um-80-000-euro-in-frankreich-entwendet","status":"publish","type":"post","link":"https:\/\/www.europesays.com\/de\/1234161\/","title":{"rendered":"Pokemon-Karten um 80.000 Euro in Frankreich entwendet"},"content":{"rendered":"<p>Bei einem Einbruch in ein Gesch\u00e4ft im Osten Frankreichs sind nach Angaben des Inhabers Pok\u00e9mon-Karten im Wert von gesch\u00e4tzt 80.000 Euro gestohlen worden. Die Einbrecher h\u00e4tten den auf Sammelkarten spezialisierten Laden &#8222;Smogtrade&#8220; in der Stadt Bourgoin-Jallieu in der Nacht auf Donnerstag aufgebrochen und &#8222;mehrere hundert&#8220; Karten entwendet, bevor sie wegen des Alarms mit einem Auto geflohen seien, sagte der H\u00e4ndler, der ungenannt bleiben wollte.<\/p>\n<p class=\"klz-story-element-paragraph klz-text-copy\" data-testid=\"article-paragraph\">Die Sammelkarten mit den kleinen japanischen Monstern haben sich in den vergangenen Jahren zur begehrten Beute f\u00fcr Kriminelle entwickelt. 2024 wurden in der franz\u00f6sischen Stadt Rennes drei M\u00e4nner zu Haftstrafen verurteilt, weil sie bei einem Raub\u00fcberfall zehntausende Karten im Wert von gesch\u00e4tzt 100.000 Euro erbeutet und sp\u00e4ter verkauft hatten. Im vergangenen J\u00e4nner wurden in Gro\u00dfbritannien Karten im Wert von umgerechnet etwa 87.000 Euro bei einem Einbruch erbeutet. Im Februar erzielte eine seltene Pok\u00e9mon-Karte mit der ber\u00fchmten gelben Pikachu-Gestalt bei einer Versteigerung in den USA den Rekordpreis von umgerechnet 14,3 Millionen Euro.<\/p>\n","protected":false},"excerpt":{"rendered":"Bei einem Einbruch in ein Gesch\u00e4ft im Osten Frankreichs sind nach Angaben des Inhabers Pok\u00e9mon-Karten im Wert von&hellip;\n","protected":false},"author":2,"featured_media":1234162,"comment_status":"","ping_status":"","sticky":false,"template":"","format":"standard","meta":{"footnotes":"","_share_on_mastodon":"0"},"categories":[3974],"tags":[331,332,19322,2395,548,663,3934,3980,156,13,14,15,12],"class_list":["post-1234161","post","type-post","status-publish","format-standard","has-post-thumbnail","category-frankreich","tag-aktuelle-nachrichten","tag-aktuelle-news","tag-chronik","tag-comics","tag-eu","tag-europa","tag-europe","tag-france","tag-frankreich","tag-headlines","tag-nachrichten","tag-news","tag-schlagzeilen"],"share_on_mastodon":{"url":"https:\/\/pubeurope.com\/@de\/117089285535018716","error":""},"_links":{"self":[{"href":"https:\/\/www.europesays.com\/de\/wp-json\/wp\/v2\/posts\/1234161","targetHints":{"allow":["GET"]}}],"collection":[{"href":"https:\/\/www.europesays.com\/de\/wp-json\/wp\/v2\/posts"}],"about":[{"href":"https:\/\/www.europesays.com\/de\/wp-json\/wp\/v2\/types\/post"}],"author":[{"embeddable":true,"href":"https:\/\/www.europesays.com\/de\/wp-json\/wp\/v2\/users\/2"}],"replies":[{"embeddable":true,"href":"https:\/\/www.europesays.com\/de\/wp-json\/wp\/v2\/comments?post=1234161"}],"version-history":[{"count":0,"href":"https:\/\/www.europesays.com\/de\/wp-json\/wp\/v2\/posts\/1234161\/revisions"}],"wp:featuredmedia":[{"embeddable":true,"href":"https:\/\/www.europesays.com\/de\/wp-json\/wp\/v2\/media\/1234162"}],"wp:attachment":[{"href":"https:\/\/www.europesays.com\/de\/wp-json\/wp\/v2\/media?parent=1234161"}],"wp:term":[{"taxonomy":"category","embeddable":true,"href":"https:\/\/www.europesays.com\/de\/wp-json\/wp\/v2\/categories?post=1234161"},{"taxonomy":"post_tag","embeddable":true,"href":"https:\/\/www.europesays.com\/de\/wp-json\/wp\/v2\/tags?post=1234161"}],"curies":[{"name":"wp","href":"https:\/\/api.w.org\/{rel}","templated":true}]}}