{"id":1234187,"date":"2026-08-13T17:18:27","date_gmt":"2026-08-13T17:18:27","guid":{"rendered":"https:\/\/www.europesays.com\/de\/1234187\/"},"modified":"2026-08-13T17:18:27","modified_gmt":"2026-08-13T17:18:27","slug":"das-stadtfest-laedt-zum-feiern-ein","status":"publish","type":"post","link":"https:\/\/www.europesays.com\/de\/1234187\/","title":{"rendered":"Das Stadtfest l\u00e4dt zum Feiern ein"},"content":{"rendered":"<p>Das Kinderkarussell steht schon, Essensbuden werden auf ihre Position gefahren, Techniker werkeln an B\u00fchnen herum: das Dresdener Stadtfest steht in den Startl\u00f6chern! Vom 14. bis zum 16. August 2026 schl\u00e4ngelt es sich durch die Altstadt \u00fcber die Augustusbr\u00fccke, am Goldenen Reiter und K\u00f6nigsufer vorbei bis hin zur Dreik\u00f6nigskirche. Unz\u00e4hlige und vielf\u00e4ltige Buden und B\u00fchnen bieten individuelle Angebote von Speisen, Getr\u00e4nken und Unterhaltung.<br \/>\n<img fetchpriority=\"high\" decoding=\"async\" class=\"size-full wp-image-240489\" src=\"https:\/\/www.europesays.com\/de\/wp-content\/uploads\/2026\/08\/2026-08-13-NeustaedterMarkt2.jpg\" alt=\"Rund um den Goldenen Reiter laufen die Stadtfest-Vorbereitungen auf Hochtouren - Foto: Anton Launer\" width=\"2400\" height=\"1350\"  \/>Rund um den Goldenen Reiter laufen die Stadtfest-Vorbereitungen auf Hochtouren \u2013 Foto: Anton Launer\n<\/p>\n<p>W\u00e4hrend zwischen dem Residenzschloss und der Semperoper prunkvolle B\u00fchnen- und Lichtershows geboten werden, gibt auch die Neust\u00e4dter Elbseite etwas her. Erneut steht an der Dreik\u00f6nigskirche die <a target=\"_blank\" href=\"https:\/\/www.canaletto-fest.de\/programm\/?location_id=5\" rel=\"nofollow noopener\">Irish-Folk-B\u00fchne<\/a>. In Kooperation mit der Shamrock-Kneipe treten dort Brendan Monaghan und Bad Penny auf. Am Goldenen Reiter hat der Neust\u00e4dter Musikverlag \u201eOh, my music!\u201c wieder ein saftiges <a target=\"_blank\" href=\"https:\/\/www.canaletto-fest.de\/programm\/?location_id=4\" rel=\"nofollow noopener\">B\u00fchnenprogramm<\/a> zusammengestellt. Neben Rockmusik, Elektrobeats und Indiepop ist f\u00fcr alle was dabei.\n<\/p>\n<p>Am K\u00f6nigsufer an der Elbe leuchten die bunten Lichter der Fahrgesch\u00e4fte und ziehen die Adrenalin-Junkies zu sich. Direkt nebenan befindet sich das \u201eTanzAREAL\u201c, wo am Freitag von 18 Uhr bis nachts 90er- und 2000er-Hits gespielt werden. Partypeople und Tanzm\u00e4use finden hier an allen drei Tagen ihr Gl\u00fcck, denn am Sonnabend geht es ebenfalls um 18 Uhr weiter unter dem Motto \u201eDresden tanzt\u201c und am Sonntag beginnt dort schon um 15 Uhr die Juicy Party.\n<\/p>\n<p>Auf der anderen Seite des K\u00f6nigsufers gibt es auch eine B\u00fchne mit etwas anderer Unterhaltung. Die Bands \u201eVentus Infecto\u201c und \u201eDrei Raben\u201c pr\u00e4sentieren mit Dudelsack und Fl\u00f6tenkl\u00e4ngen mittelalterliche Folkmusik. Zwischendurch und nebenbei werden historische Schau-Schwertk\u00e4mpfe aufgef\u00fchrt.<\/p>\n<p>Zus\u00e4tzlich gibt es eine Feuershow am Freitag gegen 22.30 Uhr und am Sonnabend um 22 Uhr. Am Sonntag beginnt um 21.45 Uhr das Canaletto-Feuerwerk als kr\u00f6nender Abschluss des erlebnisreichen Wochenendes.\n<\/p>\n<p>Canaletto Stadtfest \u2013 Infos, Karte und Termine<\/p>\n","protected":false},"excerpt":{"rendered":"Das Kinderkarussell steht schon, Essensbuden werden auf ihre Position gefahren, Techniker werkeln an B\u00fchnen herum: das Dresdener Stadtfest&hellip;\n","protected":false},"author":2,"featured_media":1234188,"comment_status":"","ping_status":"","sticky":false,"template":"","format":"standard","meta":{"footnotes":"","_share_on_mastodon":"0"},"categories":[1835],"tags":[26359,256100,3364,29,2386,30,810,859],"class_list":["post-1234187","post","type-post","status-publish","format-standard","has-post-thumbnail","category-dresden","tag-stadtfest","tag-canaletto","tag-de","tag-deutschland","tag-dresden","tag-germany","tag-musik","tag-sachsen"],"share_on_mastodon":{"url":"https:\/\/pubeurope.com\/@de\/117089344405774230","error":""},"_links":{"self":[{"href":"https:\/\/www.europesays.com\/de\/wp-json\/wp\/v2\/posts\/1234187","targetHints":{"allow":["GET"]}}],"collection":[{"href":"https:\/\/www.europesays.com\/de\/wp-json\/wp\/v2\/posts"}],"about":[{"href":"https:\/\/www.europesays.com\/de\/wp-json\/wp\/v2\/types\/post"}],"author":[{"embeddable":true,"href":"https:\/\/www.europesays.com\/de\/wp-json\/wp\/v2\/users\/2"}],"replies":[{"embeddable":true,"href":"https:\/\/www.europesays.com\/de\/wp-json\/wp\/v2\/comments?post=1234187"}],"version-history":[{"count":0,"href":"https:\/\/www.europesays.com\/de\/wp-json\/wp\/v2\/posts\/1234187\/revisions"}],"wp:featuredmedia":[{"embeddable":true,"href":"https:\/\/www.europesays.com\/de\/wp-json\/wp\/v2\/media\/1234188"}],"wp:attachment":[{"href":"https:\/\/www.europesays.com\/de\/wp-json\/wp\/v2\/media?parent=1234187"}],"wp:term":[{"taxonomy":"category","embeddable":true,"href":"https:\/\/www.europesays.com\/de\/wp-json\/wp\/v2\/categories?post=1234187"},{"taxonomy":"post_tag","embeddable":true,"href":"https:\/\/www.europesays.com\/de\/wp-json\/wp\/v2\/tags?post=1234187"}],"curies":[{"name":"wp","href":"https:\/\/api.w.org\/{rel}","templated":true}]}}