{"id":1234329,"date":"2026-08-13T18:53:14","date_gmt":"2026-08-13T18:53:14","guid":{"rendered":"https:\/\/www.europesays.com\/de\/1234329\/"},"modified":"2026-08-13T18:53:14","modified_gmt":"2026-08-13T18:53:14","slug":"unbekannter-vergewaltigt-18-jaehrige-in-lehrte","status":"publish","type":"post","link":"https:\/\/www.europesays.com\/de\/1234329\/","title":{"rendered":"Unbekannter vergewaltigt 18-J\u00e4hrige in Lehrte"},"content":{"rendered":"<p>In Lehrte soll ein unbekannter Mann eine junge Frau nach einem kurzen Gespr\u00e4ch auf der Weserstra\u00dfe sexuell angegriffen haben. Die Ermittler bitten um Hinweise aus der Umgebung des Spielplatzes. <\/p>\n<p>Der Zentrale Kriminaldienst Hannover ermittelt wegen einer Vergewaltigung in Lehrte. Nach Angaben der Ermittler soll ein bislang unbekannter Mann am fr\u00fchen Samstagmorgen, am Samstag, 8. August, im Bereich der Weserstra\u00dfe eine junge Erwachsene sexuell angegriffen haben. Die Polizei bittet Zeuginnen und Zeugen um Hinweise. <\/p>\n<p>            &#13;<br \/>\n              Tat am Spielplatz an der Weserstra\u00dfe <\/p>\n<p>Nach bisherigen Erkenntnissen war eine 18-J\u00e4hrige in der Nacht zu Samstag zun\u00e4chst mit Bekannten im Stadtgebiet Lehrte unterwegs. Nachdem sich die Gruppe getrennt hatte, machte sie sich allein auf den Heimweg. Gegen 6.00 Uhr kam sie an einem Spielplatz an der Weserstra\u00dfe vorbei, wo sich ein Mann aufhielt und anbot, sie nach Hause zu begleiten. <\/p>\n<p>T\u00e4ter fl\u00fcchtet nach Vergewaltigung <\/p>\n<p>Gemeinsam gingen beide die Weserstra\u00dfe in Richtung Norden entlang. Nach wenigen Metern soll der Mann begonnen haben, die Heranwachsende gegen ihren Willen anzufassen, woraufhin sie versuchte, ihn wegzuschieben. In einem Seitenweg der Weserstra\u00dfe soll der T\u00e4ter die Frau vergewaltigt und dabei verletzt haben, anschlie\u00dfend fl\u00fcchtete er unerkannt. <\/p>\n<p>Beschreibung des Tatverd\u00e4chtigen <\/p>\n<p>Der Gesuchte wird als etwa 1,80 Meter gro\u00df und schlank beschrieben. Er soll schwarze, lockige Haare gehabt haben, die an den Seiten kurz rasiert waren, sowie einen schwarzen Oberlippen- und Kinnbart. Zur Tatzeit trug er laut Polizei ein wei\u00dfes T-Shirt, eine Jeans und eine schwarze Bauchtasche und soll zudem ein Trinkglas in der Hand gehalten haben. <\/p>\n<p>Hinweise an den Kriminaldauerdienst Hannover <\/p>\n<p>Da sich der Mann bereits vor der Tat auf dem Spielplatz an der Weserstra\u00dfe aufgehalten haben soll, bittet die Polizei insbesondere Personen um Hinweise, die am Freitagabend, in der Nacht zu Samstag oder am fr\u00fchen Samstagmorgen dort oder im n\u00e4heren Umfeld Beobachtungen gemacht haben. Zeuginnen und Zeugen, die Hinweise zur Tat oder zum Tatverd\u00e4chtigen geben k\u00f6nnen, sollen sich beim Kriminaldauerdienst Hannover melden. Die Telefonnummer lautet <a href=\"https:\/\/www.nord24.de\/blaulicht\/tel:+495111095555\" title=\"\" rel=\"nofollow noopener\" target=\"_blank\">0511\/109-5555<\/a>. (pm\/fk)<a href=\"https:\/\/www.presseportal.de\/blaulicht\/pm\/66841\/6332939\" title=\"\" rel=\"nofollow noopener\" target=\"_blank\"> <\/p>\n","protected":false},"excerpt":{"rendered":"In Lehrte soll ein unbekannter Mann eine junge Frau nach einem kurzen Gespr\u00e4ch auf der Weserstra\u00dfe sexuell angegriffen&hellip;\n","protected":false},"author":2,"featured_media":1234330,"comment_status":"","ping_status":"","sticky":false,"template":"","format":"standard","meta":{"footnotes":"","_share_on_mastodon":"0"},"categories":[1836],"tags":[1950,3364,29,30,46,3794,1411],"class_list":["post-1234329","post","type-post","status-publish","format-standard","has-post-thumbnail","category-hannover","tag-blaulicht","tag-de","tag-deutschland","tag-germany","tag-hannover","tag-lehrte","tag-niedersachsen"],"share_on_mastodon":{"url":"https:\/\/pubeurope.com\/@de\/117089717876147590","error":""},"_links":{"self":[{"href":"https:\/\/www.europesays.com\/de\/wp-json\/wp\/v2\/posts\/1234329","targetHints":{"allow":["GET"]}}],"collection":[{"href":"https:\/\/www.europesays.com\/de\/wp-json\/wp\/v2\/posts"}],"about":[{"href":"https:\/\/www.europesays.com\/de\/wp-json\/wp\/v2\/types\/post"}],"author":[{"embeddable":true,"href":"https:\/\/www.europesays.com\/de\/wp-json\/wp\/v2\/users\/2"}],"replies":[{"embeddable":true,"href":"https:\/\/www.europesays.com\/de\/wp-json\/wp\/v2\/comments?post=1234329"}],"version-history":[{"count":0,"href":"https:\/\/www.europesays.com\/de\/wp-json\/wp\/v2\/posts\/1234329\/revisions"}],"wp:featuredmedia":[{"embeddable":true,"href":"https:\/\/www.europesays.com\/de\/wp-json\/wp\/v2\/media\/1234330"}],"wp:attachment":[{"href":"https:\/\/www.europesays.com\/de\/wp-json\/wp\/v2\/media?parent=1234329"}],"wp:term":[{"taxonomy":"category","embeddable":true,"href":"https:\/\/www.europesays.com\/de\/wp-json\/wp\/v2\/categories?post=1234329"},{"taxonomy":"post_tag","embeddable":true,"href":"https:\/\/www.europesays.com\/de\/wp-json\/wp\/v2\/tags?post=1234329"}],"curies":[{"name":"wp","href":"https:\/\/api.w.org\/{rel}","templated":true}]}}