{"id":1234462,"date":"2026-08-13T20:19:17","date_gmt":"2026-08-13T20:19:17","guid":{"rendered":"https:\/\/www.europesays.com\/de\/1234462\/"},"modified":"2026-08-13T20:19:17","modified_gmt":"2026-08-13T20:19:17","slug":"desinformationskampagne-aus-russland-mdr-warnt-vor-gefaelschten-videos-und-desinformationskampagne","status":"publish","type":"post","link":"https:\/\/www.europesays.com\/de\/1234462\/","title":{"rendered":"Desinformationskampagne aus Russland: MDR warnt vor gef\u00e4lschten Videos und Desinformationskampagne"},"content":{"rendered":"<p class=\"paragraph article__item\">Der Mitteldeutsche Rundfunk (<a class=\"rtr-entity\" href=\"https:\/\/www.zeit.de\/thema\/mdr\" rel=\"nofollow noopener\" target=\"_blank\">MDR<\/a>) ist nach eigenen Angaben Ziel einer mutma\u00dflich aus <a href=\"https:\/\/www.zeit.de\/politik\/ausland\/2026-08\/russische-schattenflotte-hongkong-china-prozess-ostsee\" target=\"_blank\" rel=\"nofollow noopener\">Russland<\/a> gesteuerten Desinformationskampagne geworden. Wie die Landesrundfunkanstalt unter Berufung auf Sicherheitsbeh\u00f6rden mitteilte, soll die Kampagne unter anderem darauf abzielen, die \u00f6ffentliche<a href=\"https:\/\/www.zeit.de\/politik\/deutschland\/2026-07\/desinformation-russland-medien-wahl-berlin\" target=\"_blank\" rel=\"nofollow noopener\"> Meinungsbildung vor der Landtagswahl in Sachsen-Anhalt<\/a> zu beeinflussen.\n<\/p>\n<p class=\"paragraph article__item\">In einem dem Sender vorliegenden Datensatz sind seit dem 24. Juli insgesamt 338 Beitr\u00e4ge von gef\u00e4lschten Videos mit MDR-Logo und erfundenen Vorw\u00fcrfen gegen Politiker gesammelt worden. In mehreren F\u00e4llen sei dabei der MDR als vermeintlicher Absender missbraucht worden, sagte der Sender. Die Beitr\u00e4ge w\u00fcrden der als \u00bbMatrjoschka\u00ab bekannten <a href=\"https:\/\/www.zeit.de\/politik\/deutschland\/2026-08\/anschlag-leipzig-russland-ermittlung-explosion\" target=\"_blank\" rel=\"nofollow noopener\">Desinformationskampagne<\/a> zugerechnet, hie\u00df es weiter.\n<\/p>\n<p class=\"paragraph article__item\">In gef\u00e4lschten Videos werden demnach unter anderem Landes- und Kommunalpolitikern frei erfundene schwere Straftaten vorgeworfen. Viele Beitr\u00e4ge seien mithilfe k\u00fcnstlicher Intelligenz erstellt worden, hie\u00df es. Um glaubw\u00fcrdig zu wirken, w\u00fcrden Logos und Titelseiten bekannter Medienmarken wie Tagesschau und Spiegel verwendet.\n<\/p>\n<p>            Spaltung als Ziel            <\/p>\n<p class=\"paragraph article__item\">Kampagnen wie diese gibt es schon l\u00e4nger. Nach Angaben des Ausw\u00e4rtigen Amts von vor einigen Tagen reihen sie sich in die hybride Bedrohung durch <a class=\"rtr-entity\" href=\"https:\/\/www.zeit.de\/thema\/russland\" rel=\"nofollow noopener\" target=\"_blank\">Russland<\/a> ein. Dahinter stehe ein ganzes <a href=\"https:\/\/www.zeit.de\/2026\/34\/robert-f-kennedy-jr-the-real-food-show-ernaehrung-youtube\" target=\"_blank\" rel=\"nofollow noopener\">Desinformationssystem<\/a> staatlicher und nichtstaatlicher Akteure. Kurzfristig w\u00fcrden alle Anl\u00e4sse genutzt, um die Gesellschaft in Deutschland zu spalten und zu polarisieren.\n<\/p>\n<p class=\"paragraph article__item\">Wie der Inlandsnachrichtendienst mitteilte, soll die <a class=\"rtr-entity\" href=\"https:\/\/www.zeit.de\/thema\/fake-news\" rel=\"nofollow noopener\" target=\"_blank\">Desinformationskampagne<\/a> seit Ende Juni darauf abzielen, eine gesellschaftliche<br \/>\nSpaltung zwischen Ost- und Westdeutschland zu bewirken. Seit diesem August tauchen etwa vermehrt Beitr\u00e4ge unter dem Hashtag \u00bbTimeToDivideGermany\u00ab (\u00bbZeit,<br \/>\nDeutschland wieder zu teilen\u00ab) auf.\n<\/p>\n<p>            F\u00e4lschungen teils schwer zu erkennen            <\/p>\n<p class=\"paragraph article__item\">MDR-Chefredakteurin Christin Bohmann sagte: \u00bbDie F\u00e4lschung journalistischer Marken und die <a href=\"https:\/\/www.zeit.de\/digital\/2026-08\/meta-tiktok-eu-falschinformationen-ceuta-migranten\" target=\"_blank\" rel=\"nofollow noopener\">Verbreitung von Desinformation <\/a>sind Angriffe auf die Glaubw\u00fcrdigkeit freier Medien.\u00ab Der MDR stehe f\u00fcr verl\u00e4ssliche, faktenbasierte und unabh\u00e4ngige Berichterstattung und werde daran festhalten.\n<\/p>\n<p class=\"paragraph article__item\">F\u00fcr Nutzerinnen und Nutzer sind solche F\u00e4lschungen oft nur schwer von echten Nachrichten zu unterscheiden. Der MDR wies auch darauf hin, dass gepr\u00fcfte und zuverl\u00e4ssige Beitr\u00e4ge des Senders auf der eigenen Internetseite sowie auf den offiziellen Social-Media-Kan\u00e4len zu finden sind.\n<\/p>\n<p>Mehr zum Thema<\/p>\n<p>            Kampagnen aus Russland        <\/p>\n<p>                <a href=\"https:\/\/www.zeit.de\/politik\/deutschland\/2026-08\/anschlag-leipzig-russland-resilienz-abschreckung\" data-ct-label=\"Anschlag in Leipzig: Wir sind nicht wehrlos\" data-uuid=\"eaca9562-9b7a-45d3-a33d-ee1ee74f32f1\" rel=\"nofollow noopener\" target=\"_blank\"><\/p>\n<p>        Z+ (abopflichtiger Inhalt);<\/p>\n<p>    Anschlag in Leipzig:<br \/>\n                        Wir sind nicht wehrlos<\/p>\n<p>                <\/a><\/p>\n<p>                <a href=\"https:\/\/www.zeit.de\/digital\/2026-08\/meta-tiktok-eu-falschinformationen-ceuta-migranten\" data-ct-label=\"Ceuta-Krise: Meta und TikTok stimmen Ma\u00dfnahmen gegen Falschinformationen zu\" data-uuid=\"3d29fe9d-f630-4177-bca1-218c98304674\" rel=\"nofollow noopener\" target=\"_blank\"><\/p>\n<p>                        Ceuta-Krise:<br \/>\n                        Meta und TikTok stimmen Ma\u00dfnahmen gegen Falschinformationen zu<\/p>\n<p>                <\/a><\/p>\n<p>                <a href=\"https:\/\/www.zeit.de\/politik\/deutschland\/2026-07\/desinformation-russland-medien-wahl-berlin\" data-ct-label=\"Abgeordnetenhauswahl Berlin: Desinformationskampagne zu den Landtagswahlen weitet sich aus\" data-uuid=\"b6361c00-6d8f-4ca5-a7a0-fd9c95ca096f\" rel=\"nofollow noopener\" target=\"_blank\"><\/p>\n<p>        Z+ (abopflichtiger Inhalt);<\/p>\n<p>    Abgeordnetenhauswahl Berlin:<br \/>\n                        Desinformationskampagne zu den Landtagswahlen weitet sich aus<\/p>\n<p>                <\/a><\/p>\n","protected":false},"excerpt":{"rendered":"Der Mitteldeutsche Rundfunk (MDR) ist nach eigenen Angaben Ziel einer mutma\u00dflich aus Russland gesteuerten Desinformationskampagne geworden. Wie die&hellip;\n","protected":false},"author":2,"featured_media":1234463,"comment_status":"","ping_status":"","sticky":false,"template":"","format":"standard","meta":{"footnotes":"","_share_on_mastodon":"0"},"categories":[5],"tags":[331,332,3364,3553,256138,29,30,13,215997,81,14,15,16,307,12],"class_list":["post-1234462","post","type-post","status-publish","format-standard","has-post-thumbnail","category-nachrichten","tag-aktuelle-nachrichten","tag-aktuelle-news","tag-de","tag-desinformation","tag-desinformationskampagne-aus-russland","tag-deutschland","tag-germany","tag-headlines","tag-landtagswahl-in-sachsen","tag-mdr","tag-nachrichten","tag-news","tag-politik","tag-russland","tag-schlagzeilen"],"share_on_mastodon":{"url":"https:\/\/pubeurope.com\/@de\/117090055904481508","error":""},"_links":{"self":[{"href":"https:\/\/www.europesays.com\/de\/wp-json\/wp\/v2\/posts\/1234462","targetHints":{"allow":["GET"]}}],"collection":[{"href":"https:\/\/www.europesays.com\/de\/wp-json\/wp\/v2\/posts"}],"about":[{"href":"https:\/\/www.europesays.com\/de\/wp-json\/wp\/v2\/types\/post"}],"author":[{"embeddable":true,"href":"https:\/\/www.europesays.com\/de\/wp-json\/wp\/v2\/users\/2"}],"replies":[{"embeddable":true,"href":"https:\/\/www.europesays.com\/de\/wp-json\/wp\/v2\/comments?post=1234462"}],"version-history":[{"count":0,"href":"https:\/\/www.europesays.com\/de\/wp-json\/wp\/v2\/posts\/1234462\/revisions"}],"wp:featuredmedia":[{"embeddable":true,"href":"https:\/\/www.europesays.com\/de\/wp-json\/wp\/v2\/media\/1234463"}],"wp:attachment":[{"href":"https:\/\/www.europesays.com\/de\/wp-json\/wp\/v2\/media?parent=1234462"}],"wp:term":[{"taxonomy":"category","embeddable":true,"href":"https:\/\/www.europesays.com\/de\/wp-json\/wp\/v2\/categories?post=1234462"},{"taxonomy":"post_tag","embeddable":true,"href":"https:\/\/www.europesays.com\/de\/wp-json\/wp\/v2\/tags?post=1234462"}],"curies":[{"name":"wp","href":"https:\/\/api.w.org\/{rel}","templated":true}]}}