{"id":1234531,"date":"2026-08-13T21:01:41","date_gmt":"2026-08-13T21:01:41","guid":{"rendered":"https:\/\/www.europesays.com\/de\/1234531\/"},"modified":"2026-08-13T21:01:41","modified_gmt":"2026-08-13T21:01:41","slug":"hunderte-gaeste-erwartet-erschossener-30-jaehriger-wird-in-berlin-neukoelln-beerdigt","status":"publish","type":"post","link":"https:\/\/www.europesays.com\/de\/1234531\/","title":{"rendered":"Hunderte G\u00e4ste erwartet: Erschossener 30-J\u00e4hriger wird in Berlin-Neuk\u00f6lln beerdigt"},"content":{"rendered":"<p class=\"tspBKln tspBKlo\">F\u00fcnf Tage <a href=\"https:\/\/www.tagesspiegel.de\/berlin\/wieder-schusse-in-berlin-30-jahriger-am-bahnhof-zoo-getotet--polizei-fahndet-nach-tater-15929801.html?icid=in-text-link_15940916\" class=\"link link--internal\" data-gtm-class=\"article-text-link\" data-gtm-val=\"internal\" rel=\"nofollow noopener\" target=\"_blank\">nach den Sch\u00fcssen am Bahnhof Zoo wird der get\u00f6tete 30-J\u00e4hrige<\/a> am Freitag in Berlin-Neuk\u00f6lln beigesetzt. Neben den Angeh\u00f6rigen des Opfers, das der bis in den Libanon verzweigten Gro\u00dffamilie C. angeh\u00f6rt, wird nach Tagesspiegel-Informationen auch im Clan Al-Z. zur Teilnahme an der Bestattung aufgerufen.<\/p>\n<p class=\"tspBKln\">Beobachtern zufolge k\u00f6nnten Hunderte G\u00e4ste zum Friedhof an der Hermannstra\u00dfe kommen. Die Polizei wird zur Absicherung vor Ort sein. Am Mittwoch hatte es in der Flughafenstra\u00dfe schon eine Trauerfeier gegeben. Unbest\u00e4tigten Angaben zufolge hielten sich dort polizeibekannte M\u00e4nner aus dem Clan-Milieu auf. <a href=\"https:\/\/www.tagesspiegel.de\/berlin\/kriminalitat-lagebild-clankriminalitat-weniger-falle-erfasst-14203136.html?icid=in-text-link_15940916\" class=\"link link--internal\" data-gtm-class=\"article-text-link\" data-gtm-val=\"internal\" rel=\"nofollow noopener\" target=\"_blank\">Angeh\u00f6rige der Familie des Get\u00f6teten fielen wegen Eigentums-, Drogen- und Gewaltdelikten auf.<\/a><\/p>\n<p> Ermittler suchen Tatverd\u00e4chtigen <\/p>\n<p class=\"tspBKln\">Der 30-J\u00e4hrige war in der Nacht zu Montag kurz vor Mitternacht am Hardenbergplatz in Charlottenburg erschossen worden \u2013 unmittelbar vor dem Bahnhof Zoologischer Garten. Zuvor waren mehrere M\u00e4nner in Streit geraten. Notfallsanit\u00e4ter versorgten das Opfer nach den Sch\u00fcssen schnell, konnten den Mann jedoch nicht mehr retten.<\/p>\n<p class=\"tspBKln\"><a href=\"https:\/\/www.tagesspiegel.de\/berlin\/polizei-justiz\/todliche-schusse-am-bahnhof-zoo-berliner-polizei-ermittelt-mutmasslichen-schutzen-15939210.html?icid=in-text-link_15940916\" class=\"link link--internal\" data-gtm-class=\"article-text-link\" data-gtm-val=\"internal\" rel=\"nofollow noopener\" target=\"_blank\">Ermittler der Mordkommission haben inzwischen einen Verd\u00e4chtigen.<\/a> Er soll nach der Tat in einem Fahrzeug geflohen sein. Die Waffe wurde bislang nicht gefunden. Fahnder durchsuchten noch am Montag eine Wohnung in Friedrichshain. Ob sie einen Bezug zu dem Gesuchten hatte und welche Gegenst\u00e4nde beschlagnahmt wurden, ist nicht bekannt.<\/p>\n<p> Viele Vorf\u00e4lle mit Schusswaffen <\/p>\n<p class=\"tspBKln\">In Berlin ist die <a href=\"https:\/\/www.tagesspiegel.de\/berlin\/fast-taglich-fallen-schusse-in-berlin-eine-chronik-der-eskalierenden-gewalt-auf-den-strassen-15385652.html?icid=in-text-link_15940916\" class=\"link link--internal\" data-gtm-class=\"article-text-link\" data-gtm-val=\"internal\" rel=\"nofollow noopener\" target=\"_blank\">Zahl der Vorf\u00e4lle mit Schusswaffen zuletzt gestiegen<\/a>. Am Sonntag schossen Unbekannte auf die Scheibe einer Gastst\u00e4tte in Neuk\u00f6lln, <a href=\"https:\/\/www.tagesspiegel.de\/berlin\/schusse-in-berlin-kreuzberg-22-jahriger-wird-in-cafe-im-graefekiez-niedergeschossen-15925929.html?icid=in-text-link_15940916\" class=\"link link--internal\" data-gtm-class=\"article-text-link\" data-gtm-val=\"internal\" rel=\"nofollow noopener\" target=\"_blank\">am Freitag verletzte ein Angreifer einen 22-J\u00e4hrigen in Kreuzberg schwer<\/a>. Als m\u00f6gliche Hintergr\u00fcnde gelten Fehden zwischen bekannten Gro\u00dffamilien und j\u00fcngeren Banden.<\/p>\n<p>Lesen Sie mehr \u00fcber das Berliner Clan-Milieu<a href=\"https:\/\/www.tagesspiegel.de\/berlin\/schonen-feierabend--und-alle-wissen-bescheid-wie-clan-kriminelle-versuchen-strafverfolger-auf-abstand-zu-halten-15860762.html?icid=topic-list_15940916___\" data-gtm-class=\"article-mzt-link\" data-hydrate-fingerprint=\"09740a54944caac75fd2c0c63fd5c5df\" data-hydrate-props=\"{&amp;escapedquot;element&amp;escapedquot;:{&amp;escapedquot;type&amp;escapedquot;:&amp;escapedquot;relatedContent&amp;escapedquot;,&amp;escapedquot;fieldMap&amp;escapedquot;:{},&amp;escapedquot;relation&amp;escapedquot;:{&amp;escapedquot;fields&amp;escapedquot;:{&amp;escapedquot;isPaid&amp;escapedquot;:true},&amp;escapedquot;href&amp;escapedquot;:&amp;escapedquot;\/berlin\/schonen-feierabend--und-alle-wissen-bescheid-wie-clan-kriminelle-versuchen-strafverfolger-auf-abstand-zu-halten-15860762.html&amp;escapedquot;,&amp;escapedquot;teaserTitle&amp;escapedquot;:{&amp;escapedquot;kicker&amp;escapedquot;:&amp;escapedquot;\u201eSch\u00f6nen Feierabend\u201c \u2013 und alle wissen Bescheid&amp;escapedquot;,&amp;escapedquot;headline&amp;escapedquot;:&amp;escapedquot;Wie Clan-Kriminelle versuchen, Strafverfolger auf Abstand zu halten&amp;escapedquot;},&amp;escapedquot;id&amp;escapedquot;:&amp;escapedquot;15860762&amp;escapedquot;,&amp;escapedquot;type&amp;escapedquot;:&amp;escapedquot;story&amp;escapedquot;},&amp;escapedquot;isPartOfList&amp;escapedquot;:true,&amp;escapedquot;topicListType&amp;escapedquot;:&amp;escapedquot;topic-list&amp;escapedquot;},&amp;escapedquot;showArrow&amp;escapedquot;:true}\" data-hydrate-slots=\"{&#039;default&#039;:[]}\" class=\"tspDEr8 tspDDr6\" rel=\"nofollow noopener\" target=\"_blank\">\u201eSch\u00f6nen Feierabend\u201c \u2013 und alle wissen Bescheid Wie Clan-Kriminelle versuchen, Strafverfolger auf Abstand zu halten <\/a><a href=\"https:\/\/www.tagesspiegel.de\/berlin\/wie-im-edgar-wallace-film-wie-clans-und-banden-ihre-schmuggelware-verstecken--und-wer-ihnen-dabei-hilft-15810587.html?icid=topic-list_15940916___\" data-gtm-class=\"article-mzt-link\" data-hydrate-fingerprint=\"09740a54944caac75fd2c0c63fd5c5df\" data-hydrate-props=\"{&amp;escapedquot;element&amp;escapedquot;:{&amp;escapedquot;type&amp;escapedquot;:&amp;escapedquot;relatedContent&amp;escapedquot;,&amp;escapedquot;fieldMap&amp;escapedquot;:{},&amp;escapedquot;relation&amp;escapedquot;:{&amp;escapedquot;fields&amp;escapedquot;:{&amp;escapedquot;isPaid&amp;escapedquot;:true},&amp;escapedquot;href&amp;escapedquot;:&amp;escapedquot;\/berlin\/wie-im-edgar-wallace-film-wie-clans-und-banden-ihre-schmuggelware-verstecken--und-wer-ihnen-dabei-hilft-15810587.html&amp;escapedquot;,&amp;escapedquot;teaserTitle&amp;escapedquot;:{&amp;escapedquot;kicker&amp;escapedquot;:&amp;escapedquot;\u201eWie im Edgar-Wallace-Film\u201c&amp;escapedquot;,&amp;escapedquot;headline&amp;escapedquot;:&amp;escapedquot;Wie Clans und Banden ihre Schmuggelware verstecken \u2013 und wer ihnen dabei hilft&amp;escapedquot;},&amp;escapedquot;id&amp;escapedquot;:&amp;escapedquot;15810587&amp;escapedquot;,&amp;escapedquot;type&amp;escapedquot;:&amp;escapedquot;story&amp;escapedquot;},&amp;escapedquot;isPartOfList&amp;escapedquot;:true,&amp;escapedquot;topicListType&amp;escapedquot;:&amp;escapedquot;topic-list&amp;escapedquot;},&amp;escapedquot;showArrow&amp;escapedquot;:true}\" data-hydrate-slots=\"{&#039;default&#039;:[]}\" class=\"tspDEr8 tspDDr6\" rel=\"nofollow noopener\" target=\"_blank\">\u201eWie im Edgar-Wallace-Film\u201c Wie Clans und Banden ihre Schmuggelware verstecken \u2013 und wer ihnen dabei hilft <\/a><a href=\"https:\/\/www.tagesspiegel.de\/gesellschaft\/plotzlich-keine-erinnerung-wie-zeugen-in-deutschland-bedroht-werden--und-woher-kriminelle-ihre-adressen-haben-14376149.html?icid=topic-list_15940916___\" data-gtm-class=\"article-mzt-link\" data-hydrate-fingerprint=\"09740a54944caac75fd2c0c63fd5c5df\" data-hydrate-props=\"{&amp;escapedquot;element&amp;escapedquot;:{&amp;escapedquot;type&amp;escapedquot;:&amp;escapedquot;relatedContent&amp;escapedquot;,&amp;escapedquot;fieldMap&amp;escapedquot;:{},&amp;escapedquot;relation&amp;escapedquot;:{&amp;escapedquot;fields&amp;escapedquot;:{&amp;escapedquot;isPaid&amp;escapedquot;:true},&amp;escapedquot;href&amp;escapedquot;:&amp;escapedquot;\/gesellschaft\/plotzlich-keine-erinnerung-wie-zeugen-in-deutschland-bedroht-werden--und-woher-kriminelle-ihre-adressen-haben-14376149.html&amp;escapedquot;,&amp;escapedquot;teaserTitle&amp;escapedquot;:{&amp;escapedquot;headline&amp;escapedquot;:&amp;escapedquot;Wie Zeugen in Deutschland bedroht werden \u2013 und woher Kriminelle die Adressen haben&amp;escapedquot;,&amp;escapedquot;kicker&amp;escapedquot;:&amp;escapedquot;\u201ePl\u00f6tzlich keine Erinnerung\u201c&amp;escapedquot;},&amp;escapedquot;id&amp;escapedquot;:&amp;escapedquot;14376149&amp;escapedquot;,&amp;escapedquot;type&amp;escapedquot;:&amp;escapedquot;story&amp;escapedquot;},&amp;escapedquot;isPartOfList&amp;escapedquot;:true,&amp;escapedquot;topicListType&amp;escapedquot;:&amp;escapedquot;topic-list&amp;escapedquot;},&amp;escapedquot;showArrow&amp;escapedquot;:true}\" data-hydrate-slots=\"{&#039;default&#039;:[]}\" class=\"tspDEr8 tspDDr6\" rel=\"nofollow noopener\" target=\"_blank\">\u201ePl\u00f6tzlich keine Erinnerung\u201c Wie Zeugen in Deutschland bedroht werden \u2013 und woher Kriminelle die Adressen haben <\/a><\/p>\n<p class=\"tspBKln\">Die meisten Sch\u00fcsse <a href=\"https:\/\/www.tagesspiegel.de\/berlin\/wer-schiesst-hier-standig-alte-clans-und-neue-kiez-banden--die-gefahrliche-mischung-auf-berlins-strassen-15635936.html?icid=in-text-link_15940916\" class=\"link link--internal\" data-gtm-class=\"article-text-link\" data-gtm-val=\"internal\" rel=\"nofollow noopener\" target=\"_blank\">in diesem und im vergangenen Jahr sollen jedoch auf Erpressungsdelikte t\u00fcrkischst\u00e4mmiger Netzwerke zur\u00fcckgehen.<\/a> Sie sollen von Gewerbetreibenden mit t\u00fcrkischen Wurzeln Schutzgeld fordern und in Konflikte mit Drogen- und Waffenh\u00e4ndlern verwickelt sein.<\/p>\n","protected":false},"excerpt":{"rendered":"F\u00fcnf Tage nach den Sch\u00fcssen am Bahnhof Zoo wird der get\u00f6tete 30-J\u00e4hrige am Freitag in Berlin-Neuk\u00f6lln beigesetzt. Neben&hellip;\n","protected":false},"author":2,"featured_media":1234532,"comment_status":"","ping_status":"","sticky":false,"template":"","format":"standard","meta":{"footnotes":"","_share_on_mastodon":"0"},"categories":[1825],"tags":[296,29,433,30,7296,6500],"class_list":["post-1234531","post","type-post","status-publish","format-standard","has-post-thumbnail","category-berlin","tag-berlin","tag-deutschland","tag-drogen","tag-germany","tag-libanon","tag-zoo"],"share_on_mastodon":{"url":"https:\/\/pubeurope.com\/@de\/117090221104994868","error":""},"_links":{"self":[{"href":"https:\/\/www.europesays.com\/de\/wp-json\/wp\/v2\/posts\/1234531","targetHints":{"allow":["GET"]}}],"collection":[{"href":"https:\/\/www.europesays.com\/de\/wp-json\/wp\/v2\/posts"}],"about":[{"href":"https:\/\/www.europesays.com\/de\/wp-json\/wp\/v2\/types\/post"}],"author":[{"embeddable":true,"href":"https:\/\/www.europesays.com\/de\/wp-json\/wp\/v2\/users\/2"}],"replies":[{"embeddable":true,"href":"https:\/\/www.europesays.com\/de\/wp-json\/wp\/v2\/comments?post=1234531"}],"version-history":[{"count":0,"href":"https:\/\/www.europesays.com\/de\/wp-json\/wp\/v2\/posts\/1234531\/revisions"}],"wp:featuredmedia":[{"embeddable":true,"href":"https:\/\/www.europesays.com\/de\/wp-json\/wp\/v2\/media\/1234532"}],"wp:attachment":[{"href":"https:\/\/www.europesays.com\/de\/wp-json\/wp\/v2\/media?parent=1234531"}],"wp:term":[{"taxonomy":"category","embeddable":true,"href":"https:\/\/www.europesays.com\/de\/wp-json\/wp\/v2\/categories?post=1234531"},{"taxonomy":"post_tag","embeddable":true,"href":"https:\/\/www.europesays.com\/de\/wp-json\/wp\/v2\/tags?post=1234531"}],"curies":[{"name":"wp","href":"https:\/\/api.w.org\/{rel}","templated":true}]}}