{"id":1234557,"date":"2026-08-13T21:16:12","date_gmt":"2026-08-13T21:16:12","guid":{"rendered":"https:\/\/www.europesays.com\/de\/1234557\/"},"modified":"2026-08-13T21:16:12","modified_gmt":"2026-08-13T21:16:12","slug":"knds-fabrik-schwere-explosion-in-deutsch-franzoesischer-munitionsfabrik-nahe-rom","status":"publish","type":"post","link":"https:\/\/www.europesays.com\/de\/1234557\/","title":{"rendered":"KNDS-Fabrik: Schwere Explosion in deutsch-franz\u00f6sischer Munitionsfabrik nahe Rom"},"content":{"rendered":"<p class=\"paragraph article__item\">In einer Munitionsfabrik des <a href=\"https:\/\/www.zeit.de\/politik\/deutschland\/2026-05\/bundesregierung-einstieg-knds-mgcs-panzer\" target=\"_blank\" rel=\"nofollow noopener\">deutsch-franz\u00f6sischen R\u00fcstungskonzerns KNDS<\/a> in der N\u00e4he von <a class=\"rtr-entity\" href=\"https:\/\/www.zeit.de\/thema\/rom\" rel=\"nofollow noopener\" target=\"_blank\">Rom<\/a> ist es nach Angaben der italienischen Polizei zu einer Explosion gekommen. Auf dem Fabrikgel\u00e4nde nahe Colleferro, rund 40 Kilometer s\u00fcd\u00f6stlich von Rom, liefen derzeit \u00bbkomplexe Eins\u00e4tze\u00ab der Feuerwehr und Polizei, teilten die Einsatzkr\u00e4fte mit. Lokale Medien \u2060berichteten, die Explosion sei kilometerweit zu \u200ch\u00f6ren \u2060gewesen.<\/p>\n<p class=\"paragraph article__item\">Die Fabrik geh\u00f6rt dem deutsch-franz\u00f6sischen <a href=\"https:\/\/www.zeit.de\/mobilitaet\/2026-08\/ruestungsindustrie-verteidigungsausgaben-produktion-autoindustrie-studie\" target=\"_blank\" rel=\"nofollow noopener\">R\u00fcstungskonzern<\/a> KNDS. Berichten zufolge werden dort Munition mittleren und gro\u00dfen Kalibers f\u00fcr die Land- und Seeverteidigung sowie Festbrennstoffe f\u00fcr Tr\u00e4gerraketen in der Raumfahrt hergestellt.\n<\/p>\n<p>            Alle Mitarbeiter in Sicherheit            <\/p>\n<p class=\"paragraph article__item\">Laut \u00f6rtlichen Medien wurden trotz der St\u00e4rke der Explosion keine Menschen verletzt. S\u00e4mtliche Arbeiter der Fabrik seien in Sicherheit. Das Unternehmen best\u00e4tigte die entsprechenden Berichte. \u00bbDie Umst\u00e4nde des<br \/>\nVorfalls werden derzeit von den Teams vor Ort untersucht und bewertet\u00ab, teilte der R\u00fcstungskonzern mit.<\/p>\n<p class=\"paragraph article__item\">Die Explosion<br \/>\nsei auf ein <a href=\"https:\/\/www.zeit.de\/gesellschaft\/zeitgeschehen\/2026-07\/waldbrand-frankreich-bordeaux-ruestungsindustrie-arianegroup\" target=\"_blank\" rel=\"nofollow noopener\">Feuer<\/a><br \/>\n gefolgt, das in der Fabrik ausgebrochen sei, sagte der Pr\u00e4sident der<br \/>\nitalienischen Region Latium. Die Mitarbeiterinnen und Mitarbeiter h\u00e4tten<br \/>\n daher gen\u00fcgend Zeit gehabt, sich in Sicherheit zu bringen. Das Feuer<br \/>\nsei nach ersten Erkenntnissen der<br \/>\nEinsatzkr\u00e4fte vor Ort in dem Bereich f\u00fcr die Verarbeitung und<br \/>\nPressung von Pulver ausgebrochen.\n<\/p>\n<p>            \u00bbEin gro\u00dfer Schreck\u00ab            <\/p>\n<p class=\"paragraph article__item\">Die genaue Ursache des Vorfalls ist noch nicht<br \/>\nbekannt. Die Nachrichtenagentur Ansa berichtete unter Berufung auf Ermittlerkreise, es habe<br \/>\nsich ersten Informationen zufolge wohl nicht um Brandstiftung oder einen<br \/>\n Sabotageakt gehandelt. Demnach soll die Ursache f\u00fcr den Brand und die<br \/>\nExplosion ein nicht n\u00e4her genannter Unfall gewesen sein. Dessen genaue<br \/>\nUmst\u00e4nde m\u00fcssten noch gekl\u00e4rt werden.\n<\/p>\n<p>                            \u00a9\u00a0Lea Dohle<\/p>\n<p>\n                                        Newsletter<br \/>\n                                        Was jetzt? \u2013 Der t\u00e4gliche Morgen\u00fcberblick<\/p>\n<p class=\"newsletter-signup__text\">Starten Sie mit unserem kurzen Nachrichten-Newsletter in den Tag. Erhalten Sie zudem freitags das digitale Magazin ZEIT am Wochenende.<\/p>\n<p class=\"newsletter-signup__datapolicy\" hidden=\"\">\n            Mit Ihrer Registrierung nehmen Sie die <a href=\"https:\/\/datenschutz.zeit.de\/zon#Newsletter\" target=\"_blank\" rel=\"nofollow noopener\">Datenschutzerkl\u00e4rung<\/a> zur Kenntnis.\n        <\/p>\n<p>    Vielen Dank! Wir haben Ihnen eine E-Mail geschickt.<\/p>\n<p>Pr\u00fcfen Sie Ihr Postfach und best\u00e4tigen Sie das Newsletter-Abonnement.<\/p>\n<p class=\"paragraph article__item\">Anwohner in der Umgebung berichteten von einem<br \/>\nlauten Knall. Auf Videos in den sozialen Medien war zun\u00e4chst ein<br \/>\ngr\u00f6\u00dferer Brand in dem Gebiet zu sehen, anschlie\u00dfend eine gro\u00dfe Explosion<br \/>\n und eine riesige pilzf\u00f6rmige Rauchwolke \u00fcber dem Werk. Der<br \/>\nB\u00fcrgermeister von Colleferro, Giulio Calamita, schrieb auf Facebook:<br \/>\n\u00bbDer Schreck ist gro\u00df, aber in diesem Moment ist es wichtig, Ruhe zu<br \/>\nbewahren und vor allem keine falschen Informationen zu verbreiten.\u00ab\n<\/p>\n<p>Mehr zum Thema<\/p>\n<p>            R\u00fcstungsindustrie        <\/p>\n<p>                <a href=\"https:\/\/www.zeit.de\/mobilitaet\/2026-08\/ruestungsindustrie-verteidigungsausgaben-produktion-autoindustrie-studie\" data-ct-label=\"R\u00fcstungsindustrie: Dann baut das Land eben Panzer statt Autos?\" data-uuid=\"22a3e965-1f49-4cf8-86ac-847ecaa626f9\" rel=\"nofollow noopener\" target=\"_blank\"><\/p>\n<p>        Z+ (abopflichtiger Inhalt);<\/p>\n<p>    R\u00fcstungsindustrie:<br \/>\n                        Dann baut das Land eben Panzer statt Autos?<\/p>\n<p>                <\/a><\/p>\n<p>                <a href=\"https:\/\/www.zeit.de\/feuilleton\/2026-08\/drohnen-drohnenfund-kontrolle-moderne\" data-ct-label=\"Drohnen: Der Himmel selbst ist jetzt eine Waffe\" data-uuid=\"4f5791f0-aa80-4cbe-b3b6-1abf52bd988d\" rel=\"nofollow noopener\" target=\"_blank\"><\/p>\n<p>        Z+ (abopflichtiger Inhalt);<\/p>\n<p>    Drohnen:<br \/>\n                        Der Himmel selbst ist jetzt eine Waffe<\/p>\n<p>                <\/a><\/p>\n<p>                <a href=\"https:\/\/www.zeit.de\/politik\/ausland\/2026-07\/ukraine-lage-raketen-marschflugkoerper-fire-point-woche\" data-ct-label=\"Lage in der Ukraine: Kommt die ukrainische Rakete?\" data-uuid=\"f4ad60be-9978-4730-830f-d0ce5574c654\" rel=\"nofollow noopener\" target=\"_blank\"><\/p>\n<p>                        Lage in der Ukraine:<br \/>\n                        Kommt die ukrainische Rakete?<\/p>\n<p>                <\/a><\/p>\n","protected":false},"excerpt":{"rendered":"In einer Munitionsfabrik des deutsch-franz\u00f6sischen R\u00fcstungskonzerns KNDS in der N\u00e4he von Rom ist es nach Angaben der italienischen&hellip;\n","protected":false},"author":2,"featured_media":1234558,"comment_status":"","ping_status":"","sticky":false,"template":"","format":"standard","meta":{"footnotes":"","_share_on_mastodon":"0"},"categories":[5],"tags":[2805,1724,13,256146,97046,14,15,21058,748,12,10,8,9,11],"class_list":["post-1234557","post","type-post","status-publish","format-standard","has-post-thumbnail","category-nachrichten","tag-explosion","tag-gesellschaft","tag-headlines","tag-knds-fabrik","tag-munitionsfabrik","tag-nachrichten","tag-news","tag-rom","tag-ruestungskonzern","tag-schlagzeilen","tag-top-news","tag-top-meldungen","tag-topmeldungen","tag-topnews"],"share_on_mastodon":{"url":"https:\/\/pubeurope.com\/@de\/117090280237413819","error":""},"_links":{"self":[{"href":"https:\/\/www.europesays.com\/de\/wp-json\/wp\/v2\/posts\/1234557","targetHints":{"allow":["GET"]}}],"collection":[{"href":"https:\/\/www.europesays.com\/de\/wp-json\/wp\/v2\/posts"}],"about":[{"href":"https:\/\/www.europesays.com\/de\/wp-json\/wp\/v2\/types\/post"}],"author":[{"embeddable":true,"href":"https:\/\/www.europesays.com\/de\/wp-json\/wp\/v2\/users\/2"}],"replies":[{"embeddable":true,"href":"https:\/\/www.europesays.com\/de\/wp-json\/wp\/v2\/comments?post=1234557"}],"version-history":[{"count":0,"href":"https:\/\/www.europesays.com\/de\/wp-json\/wp\/v2\/posts\/1234557\/revisions"}],"wp:featuredmedia":[{"embeddable":true,"href":"https:\/\/www.europesays.com\/de\/wp-json\/wp\/v2\/media\/1234558"}],"wp:attachment":[{"href":"https:\/\/www.europesays.com\/de\/wp-json\/wp\/v2\/media?parent=1234557"}],"wp:term":[{"taxonomy":"category","embeddable":true,"href":"https:\/\/www.europesays.com\/de\/wp-json\/wp\/v2\/categories?post=1234557"},{"taxonomy":"post_tag","embeddable":true,"href":"https:\/\/www.europesays.com\/de\/wp-json\/wp\/v2\/tags?post=1234557"}],"curies":[{"name":"wp","href":"https:\/\/api.w.org\/{rel}","templated":true}]}}