{"id":1234870,"date":"2026-08-14T00:38:41","date_gmt":"2026-08-14T00:38:41","guid":{"rendered":"https:\/\/www.europesays.com\/de\/1234870\/"},"modified":"2026-08-14T00:38:41","modified_gmt":"2026-08-14T00:38:41","slug":"boeschungsbrand-an-der-a33-lkw-bleibt-in-kilometerlangem-stau-liegen-haller-kreisblatt","status":"publish","type":"post","link":"https:\/\/www.europesays.com\/de\/1234870\/","title":{"rendered":"B\u00f6schungsbrand an der A33: Lkw bleibt in kilometerlangem Stau liegen | Haller Kreisblatt"},"content":{"rendered":"<p id=\"absatz1\" class=\"em_text\">Halle. Am Donnerstag (13.08.) um 14.49 Uhr wurde der Polizei Bielefeld ein B\u00f6schungsbrand auf der A33 kurz hinter der Br\u00fccke Stockk\u00e4mper Stra\u00dfe in Fahrtrichtung Halle gemeldet.<\/p>\n<p id=\"absatz2\" class=\"em_text\">Die Polizei informierte umgehend die Feuerwehr, die kurz danach an der Brandstelle war. 20 Kr\u00e4fte von beiden L\u00f6schz\u00fcgen der Feuerwehr Borgholzhausen waren im Einsatz.<\/p>\n<p id=\"absatz3\" class=\"em_text\">Laut Feuerwehr brannten 150 Meter B\u00f6schung, die Ursache sei bislang unbekannt. Die Einsatzkr\u00e4fte hatten das Feuer schnell unter Kontrolle.<\/p>\n<p>Vollsperrung in Richtung Halle<\/p>\n<p id=\"absatz4\" class=\"em_text\">W\u00e4hrend der L\u00f6scharbeiten wurde die A33 in Richtung Halle voll gesperrt. Um ca. 16 Uhr wurde die Sperrung aufgehoben. Zwischenzeitlich staute sich der Verkehr bis zur Anschlussstelle Borgholzhausen.<\/p>\n<p id=\"absatz5\" class=\"em_text\">Im Stau kam es zu einem weiteren Vorfall: Ein Lkw blieb liegen. Laut Feuerwehr war das Radlager hei\u00dfgelaufen und qualmte, sodass es abgel\u00f6scht werden musste. Anschlie\u00dfend k\u00fcmmerte sich die Polizei um das Fahrzeug.<\/p>\n<p>        <a href=\"https:\/\/www.haller-kreisblatt.de\/_em_daten\/_cache\/image\/1xRDhlVms3Mk03Y3o2VzVYUUVVNzVjVTdlYVR3eGpjaFpyNWhpYTR3K2t1TGRMZVRJZzFSTzZkczhoTVdIN0M1blFBZXhZRmhudTZXTkF6UW5FRFovRHZyRU5VYmppSCtiRXZsT2RwTUcrVW89\/260813-1635-921383338.jpg\" class=\"nw-article-image\" title=\"Nach einem B\u00f6schungsbrand bei Halle l\u00f6schte die Feuerwehr die Flammen in kurzer Zeit.\" data-glightbox=\"type: image; description: Nach einem B\u00f6schungsbrand bei Halle l\u00f6schte die Feuerwehr die Flammen in kurzer Zeit.  | \u00a9 Lena Kley \" rel=\"nofollow noopener\" target=\"_blank\"><br \/>\n            <img decoding=\"async\" src=\"https:\/\/www.europesays.com\/de\/wp-content\/uploads\/2026\/08\/260813-1635-921383338.jpg\" class=\"nw-img-fluid nw-w-full nw-lazy nw-rounded-t-md\" alt=\"Nach einem B\u00f6schungsbrand bei Halle l\u00f6schte die Feuerwehr die Flammen in kurzer Zeit. - \u00a9 Lena Kley\" data-format=\"16:9\"\/><br \/>\n        <\/a><\/p>\n<p>                Nach einem B\u00f6schungsbrand bei Halle l\u00f6schte die Feuerwehr die Flammen in kurzer Zeit.<br \/>\n                                    | \u00a9 Lena Kley<\/p>\n<p id=\"absatz6\">\ud83d\udcf2<b class=\"bold\"> Aktuelle News bekommen Sie t\u00e4glich \u00fcber den <\/b><a aria-label=\"Link WhatsApp-Kanal des HK\" href=\"https:\/\/whatsapp.com\/channel\/0029VagU0FW1SWsxhmHz2v0q\" rel=\"noreferrer noopener nofollow\" target=\"_blank\" title=\"https:\/\/whatsapp.com\/channel\/0029vagu0fw1swsxhmhz2v0q\">WhatsApp-Kanal des HK<\/a> <\/p>\n","protected":false},"excerpt":{"rendered":"Halle. Am Donnerstag (13.08.) um 14.49 Uhr wurde der Polizei Bielefeld ein B\u00f6schungsbrand auf der A33 kurz hinter&hellip;\n","protected":false},"author":2,"featured_media":1234871,"comment_status":"","ping_status":"","sticky":false,"template":"","format":"standard","meta":{"footnotes":"","_share_on_mastodon":"0"},"categories":[1841],"tags":[21776,1605,21779,41825,3364,29,4234,985,3401,30,4062,10264,198343,19081,229797,16384,1613,1209,121,5716],"class_list":["post-1234870","post","type-post","status-publish","format-standard","has-post-thumbnail","category-bielefeld","tag-a33","tag-bielefeld","tag-borgholzhausen","tag-boeschungsbrand","tag-de","tag-deutschland","tag-fahrtrichtung","tag-feuerwehr","tag-feuerwehreinsatz","tag-germany","tag-halle","tag-loescharbeit","tag-meta_artikelklasse_aboanker","tag-meta_copyrights_hk","tag-meta_prio_1","tag-meta_themen_blaulicht_sicherheit","tag-meta_userneeds_informieremich","tag-nordrhein-westfalen","tag-polizei","tag-stau"],"share_on_mastodon":{"url":"https:\/\/pubeurope.com\/@de\/117091075988535344","error":""},"_links":{"self":[{"href":"https:\/\/www.europesays.com\/de\/wp-json\/wp\/v2\/posts\/1234870","targetHints":{"allow":["GET"]}}],"collection":[{"href":"https:\/\/www.europesays.com\/de\/wp-json\/wp\/v2\/posts"}],"about":[{"href":"https:\/\/www.europesays.com\/de\/wp-json\/wp\/v2\/types\/post"}],"author":[{"embeddable":true,"href":"https:\/\/www.europesays.com\/de\/wp-json\/wp\/v2\/users\/2"}],"replies":[{"embeddable":true,"href":"https:\/\/www.europesays.com\/de\/wp-json\/wp\/v2\/comments?post=1234870"}],"version-history":[{"count":0,"href":"https:\/\/www.europesays.com\/de\/wp-json\/wp\/v2\/posts\/1234870\/revisions"}],"wp:featuredmedia":[{"embeddable":true,"href":"https:\/\/www.europesays.com\/de\/wp-json\/wp\/v2\/media\/1234871"}],"wp:attachment":[{"href":"https:\/\/www.europesays.com\/de\/wp-json\/wp\/v2\/media?parent=1234870"}],"wp:term":[{"taxonomy":"category","embeddable":true,"href":"https:\/\/www.europesays.com\/de\/wp-json\/wp\/v2\/categories?post=1234870"},{"taxonomy":"post_tag","embeddable":true,"href":"https:\/\/www.europesays.com\/de\/wp-json\/wp\/v2\/tags?post=1234870"}],"curies":[{"name":"wp","href":"https:\/\/api.w.org\/{rel}","templated":true}]}}