{"id":1234977,"date":"2026-08-14T01:53:21","date_gmt":"2026-08-14T01:53:21","guid":{"rendered":"https:\/\/www.europesays.com\/de\/1234977\/"},"modified":"2026-08-14T01:53:21","modified_gmt":"2026-08-14T01:53:21","slug":"birkenstock-hebt-seine-gewinnprognose-an","status":"publish","type":"post","link":"https:\/\/www.europesays.com\/de\/1234977\/","title":{"rendered":"Birkenstock hebt seine Gewinnprognose an"},"content":{"rendered":"<p>Sandalen-Boom <\/p>\n<p>Birkenstock hebt Gewinnprognose an<\/p>\n<p>14.08.2026 &#8211; 00:46 UhrLesedauer: 1 Min.<\/p>\n<p><a href=\"#focus-0\" class=\"transition-colors block text-current relative\" data-sctrack=\"FocusGalleryImage.Reference\"><img fetchpriority=\"high\" data-testid=\"Opener.Image\"   loading=\"eager\" src=\"https:\/\/www.europesays.com\/de\/wp-content\/uploads\/2026\/08\/nizza-frankreich-1-maerz-2026-detaillierte-nahaufnahme-der-birkenstock-arizona-sandalen-die-das-kork.jpeg\" alt=\"Eine Sandale vom Birkenstock: Der Schuhproduzent schwimmt auf einer Erfolgswelle. (Symbolbild)\" title=\"Eine Sandale vom Birkenstock: Der Schuhproduzent schwimmt auf einer Erfolgswelle. (Symbolbild)\" width=\"5950\" height=\"3347\" class=\"bg-[url:var(--lqipURL)] bg-cover bg-center flex h-full w-full max-w-full\" style=\"--lqipURL:url('https:\/\/images.t-online.de\/2026\/08\/LTsDeQ6VJGec\/0x310:5950x3347\/fit-in\/150x0\/filters:blur(25)\/nizza-frankreich-1-maerz-2026-detaillierte-nahaufnahme-der-birkenstock-arizona-sandalen-die-das-korkfussbett-die-weiche-fussbettkonstruktion-die-groessenangaben-und-die-typische-deutsche-handwerkskunst-hervorhebt-nice-france-march-1-2026-detailed-close-up-view-of-birkenstock-arizona-sandals-highlighting-the-cork-footbed-soft-footbed-construction-size-markings-and-signature-german-craftsmanship-license-rm-copyright-xzoonar-com-andreixantipovx-25233070.jpg')\" decoding=\"async\"\/><img loading=\"lazy\" src=\"https:\/\/www.t-online.de\/s\/paper\/_next\/static\/media\/zoom-in.f7dae02f.svg\" alt=\"Vergr\u00f6\u00dfern des Bildes\" title=\"Vergr\u00f6\u00dfern des Bildes\" class=\"block h-[calc(var(--height)_\/_16_*_1rem)] w-[calc(var(--width)_\/_16_*_1rem)] max-w-none absolute right-8 bottom-8 rounded-4 bg-snow p-8\" style=\"--width:32;--height:32\" decoding=\"async\"\/><\/a><\/p>\n<p>Eine Sandale vom Birkenstock: Der Schuhproduzent schwimmt auf einer Erfolgswelle. (Symbolbild) (Quelle: IMAGO\/Zoonar.com\/Andrei Antipov\/imago)<\/p>\n<p class=\"font-bold text-18 leading-17 user-text-lg:text-22 user-text-xl:text-24\">Der Sandalenhersteller Birkenstock kann seinen Umsatz um 15 Prozent steigern. Das Unternehmen kauft auch Aktien zur\u00fcck.<\/p>\n<p class=\"text-18 leading-17 user-text-lg:text-22 user-text-xl:text-24\"><a href=\"https:\/\/www.t-online.de\/finanzen\/boerse\/aktien\/birkenstock-aktie\/je00bs44bn30\/\" class=\"transition-colors cursor-pointer no-underline md:hover:text-magenta md:focus:text-magenta border-b border-solid border-current text-salemsfur md:hover:border-magenta\" data-tracking=\"{&quot;action&quot;:&quot;click&quot;,&quot;category&quot;:&quot;intextLink&quot;,&quot;label&quot;:&quot;\/finanzen\/boerse\/aktien\/birkenstock-aktie\/je00bs44bn30\/&quot;}\" data-sctrack=\"BodyAnchor\" rel=\"nofollow noopener\" target=\"_blank\">Birkenstock<\/a> verkauft seine Sandalen so gut, dass es 2026 mit mehr Gewinn rechnet als zun\u00e4chst angenommen. Das Unternehmen hat deshalb seine Gewinnprognose angehoben und rechnet mit einem w\u00e4hrungsbereinigten Umsatzwachstum von 15 Prozent und einem bereinigten operativen Ergebnis von 710 Millionen Euro.<\/p>\n<p class=\"text-18 leading-17 user-text-lg:text-22 user-text-xl:text-24\">Im abgelaufenen dritten Gesch\u00e4ftsquartal stieg der Umsatz w\u00e4hrungsbereinigt um 15 Prozent auf 720 Millionen Euro. Der Nettogewinn sank zwar um 15 Prozent auf 110 Millionen Euro. Das lag jedoch an einmaligen Kosten im Zusammenhang mit einem Aktienr\u00fcckkauf und einer Refinanzierung.<\/p>\n<p class=\"text-18 leading-17 user-text-lg:text-22 user-text-xl:text-24\">&#8222;Wir haben im dritten Quartal eine au\u00dfergew\u00f6hnlich gute Leistung erbracht und einmal mehr die St\u00e4rke unserer Marke unter Beweis gestellt&#8220;, erkl\u00e4rte Firmenchef Oliver Reichert. Das Wachstum sei von allen Regionen getragen worden, wobei das Direktkundengesch\u00e4ft \u00fcber eigene L\u00e4den und das Internet \u00fcberdurchschnittlich zugelegt habe. Als Zeichen der Zuversicht habe das Unternehmen im abgelaufenen Quartal Aktien im Wert von 230 Millionen Euro zur\u00fcckgekauft.<\/p>\n","protected":false},"excerpt":{"rendered":"Sandalen-Boom Birkenstock hebt Gewinnprognose an 14.08.2026 &#8211; 00:46 UhrLesedauer: 1 Min. Eine Sandale vom Birkenstock: Der Schuhproduzent schwimmt&hellip;\n","protected":false},"author":2,"featured_media":1234978,"comment_status":"","ping_status":"","sticky":false,"template":"","format":"standard","meta":{"footnotes":"","_share_on_mastodon":"0"},"categories":[134],"tags":[1217,11554,44160,175,170,169,29,31018,30,32437,171,174,256239,5928,173,172],"class_list":["post-1234977","post","type-post","status-publish","format-standard","has-post-thumbnail","category-unternehmen-maerkte","tag-1217","tag-aktie","tag-birkenstock","tag-business","tag-companies","tag-companies-markets","tag-deutschland","tag-erfolgswelle","tag-germany","tag-gewinnprognose","tag-markets","tag-maerkte","tag-sandale","tag-umsatz","tag-unternehmen","tag-unternehmen-maerkte"],"share_on_mastodon":{"url":"","error":""},"_links":{"self":[{"href":"https:\/\/www.europesays.com\/de\/wp-json\/wp\/v2\/posts\/1234977","targetHints":{"allow":["GET"]}}],"collection":[{"href":"https:\/\/www.europesays.com\/de\/wp-json\/wp\/v2\/posts"}],"about":[{"href":"https:\/\/www.europesays.com\/de\/wp-json\/wp\/v2\/types\/post"}],"author":[{"embeddable":true,"href":"https:\/\/www.europesays.com\/de\/wp-json\/wp\/v2\/users\/2"}],"replies":[{"embeddable":true,"href":"https:\/\/www.europesays.com\/de\/wp-json\/wp\/v2\/comments?post=1234977"}],"version-history":[{"count":0,"href":"https:\/\/www.europesays.com\/de\/wp-json\/wp\/v2\/posts\/1234977\/revisions"}],"wp:featuredmedia":[{"embeddable":true,"href":"https:\/\/www.europesays.com\/de\/wp-json\/wp\/v2\/media\/1234978"}],"wp:attachment":[{"href":"https:\/\/www.europesays.com\/de\/wp-json\/wp\/v2\/media?parent=1234977"}],"wp:term":[{"taxonomy":"category","embeddable":true,"href":"https:\/\/www.europesays.com\/de\/wp-json\/wp\/v2\/categories?post=1234977"},{"taxonomy":"post_tag","embeddable":true,"href":"https:\/\/www.europesays.com\/de\/wp-json\/wp\/v2\/tags?post=1234977"}],"curies":[{"name":"wp","href":"https:\/\/api.w.org\/{rel}","templated":true}]}}