{"id":1235035,"date":"2026-08-14T02:27:24","date_gmt":"2026-08-14T02:27:24","guid":{"rendered":"https:\/\/www.europesays.com\/de\/1235035\/"},"modified":"2026-08-14T02:27:24","modified_gmt":"2026-08-14T02:27:24","slug":"afghanen-trio-soll-bei-gruppenvergewaltigung-gelacht-haben-regional","status":"publish","type":"post","link":"https:\/\/www.europesays.com\/de\/1235035\/","title":{"rendered":"Afghanen-Trio soll bei Gruppenvergewaltigung gelacht haben | Regional"},"content":{"rendered":"<p><a class=\"skip-content skip-content--link\" href=\"#in-content-skip-link-target-v-0-0\">TTS-Player \u00fcberspringen\u21b5<\/a><a id=\"in-content-skip-link-target-v-0-0\" class=\"skip-content--target-link-hidden skip-content skip-content--target-link\" href=\"#in-content-skip-link-target-v-0-0\">Artikel weiterlesen<\/a><\/p>\n<p>Dortmund \u2013 <b>Drei Afghanen sitzen auf der Anklagebank: Sie sollen zum Albtraum f\u00fcr eine 17-J\u00e4hrige geworden sein. Laut Anklage fielen die M\u00e4nner \u00fcber die Jugendliche her, missbrauchten sie und filmten das Ganze auch noch mit dem Handy. Unfassbar: Auf dem Video ist zu h\u00f6ren, wie alle drei bei der Gruppenvergewaltigung auch noch lachen.<\/b><\/p>\n<p>Seit Donnerstag stehen Quais W. (20), Kambiz H. (25) und Burhanulla N. (19) vor dem Landgericht <a href=\"https:\/\/www.bild.de\/regional\/dortmund\/home-tEfE9FBcspDqbA9qV8Aj\" class=\"text-link\" rel=\"nofollow noopener\" target=\"_blank\">Dortmund<\/a>. Nur der \u00c4lteste kam in Handschellen: Der Fensterputzer war gefl\u00fcchtet, wurde in London festgenommen. Seine mutma\u00dflichen Komplizen sind noch frei. Das k\u00f6nnte sich \u00e4ndern, sollte die Strafkammer um Richterin Britta Graja ihre Schuld feststellen \u2013 wegen eines besonders <a href=\"https:\/\/www.bild.de\/themen\/specials\/sexualstraftat\/news-fotos-videos-17023926.bild.html\" class=\"text-link\" rel=\"nofollow noopener\" target=\"_blank\">schweren sexuellen \u00dcbergriffs<\/a>, K\u00f6rperverletzung und Herstellen eines jugendpornografischen Films drohen ihnen langj\u00e4hrige Haftstrafen. <\/p>\n<p><img decoding=\"async\" width=\"992\" height=\"558\" alt=\"Quais W. (20) bespricht sich mit seinem Anwalt Boris Strube\" loading=\"lazy\" src=\"https:\/\/www.europesays.com\/de\/wp-content\/uploads\/2026\/08\/f7e9399e6693a234b7e0a4cb3a24f71e,365b1577.jpeg\"   class=\"landscape\"\/><\/p>\n<p class=\"fig__caption__text\">Quais W. (20) bespricht sich mit seinem Anwalt Boris Strube<\/p>\n<p>Foto: Andreas Wegener<\/p>\n<p>T\u00e4ter trafen an Haltestelle auf ihr Opfer<\/p>\n<p>Laut Anklage hatten die M\u00e4nner ihr Opfer am 21. September 2024 um 4 Uhr an der Haltestelle Leopoldstra\u00dfe in der Dortmunder Nordstadt (<a href=\"https:\/\/www.bild.de\/regional\/nordrhein-westfalen\/home-npIP0qL0giWP1ZFIOHn2\" class=\"text-link\" rel=\"nofollow noopener\" target=\"_blank\">Nordrhein-Westfalen<\/a>) entdeckt. Sie brachten die junge Frau aus Hamm offenbar dazu, ihnen in die Wohnung eines der Angeklagten zu folgen, so die Staatsanwaltschaft. Im Wohnzimmer habe es Alkohol gegeben. \u201eIm Verlauf der Nacht verlor die Zeugin infolge des Alkoholkonsums das Bewusstsein. Diesen Zustand machten sich die Angeschuldigten sodann zunutze\u201c, sagte Staatsanwalt Fabian Weishaupt. <\/p>\n<p>Das Trio missbrauchte die wehrlose 17-J\u00e4hrige den Ermittlungen zufolge mehrfach. Unfassbar, was das Handyvideo der T\u00e4ter dokumentierte: Alle drei lachten dabei offenbar. Einer versuchte noch, dem bewusstlosen Opfer die Augen zu \u00f6ffnen.<\/p>\n<p><img decoding=\"async\" width=\"992\" height=\"558\" alt=\"An der Haltestelle Leopoldstra\u00dfe trafen die drei Jugendlichen die 17-J\u00e4hrige\" loading=\"lazy\" src=\"https:\/\/www.europesays.com\/de\/wp-content\/uploads\/2026\/08\/72e0a8425c6d393b7a08bc67231945b5,e36a231b.jpeg\"   class=\"landscape\"\/><\/p>\n<p class=\"fig__caption__text\">An der Haltestelle Leopoldstra\u00dfe trafen die drei Jugendlichen die 17-J\u00e4hrige<\/p>\n<p>Foto: Andreas Wegener<\/p>\n<p>Alle Angeklagten sind mehrfach vorbestraft<\/p>\n<p>Die drei Angeklagten sind bei der <a href=\"https:\/\/www.bild.de\/regional\/aktuelles\/polizei\/polizeieinsatz-alle-infos-76681760.bild.html\" class=\"text-link\" rel=\"nofollow noopener\" target=\"_blank\">Polizei<\/a> schon bekannt. W. etwa wegen Drogendelikten, Raubes und t\u00e4tlichen Angriffs auf Vollstreckungsbeamte, H. u.\u00a0a. wegen K\u00f6rperverletzung und Bedrohung, N. wegen Raubes und Drogenhandels. Im Prozess schwiegen die jungen M\u00e4nner zun\u00e4chst. Bis zum n\u00e4chsten Prozesstag wollen sie sich \u00fcberlegen, ob sie zu den Vorw\u00fcrfen etwas sagen wollen. Danach will das Gericht die Tatvideos zeigen, die Ermittler auf einem beschlagnahmten iPhone 13 fanden. Am dritten Verhandlungstag steht dem Opfer der schwere Gang in den Zeugenstand bevor. Wie schrecklich es der jungen Frau dabei gehen mag, ist unvorstellbar.<\/p>\n","protected":false},"excerpt":{"rendered":"TTS-Player \u00fcberspringen\u21b5Artikel weiterlesen Dortmund \u2013 Drei Afghanen sitzen auf der Anklagebank: Sie sollen zum Albtraum f\u00fcr eine 17-J\u00e4hrige&hellip;\n","protected":false},"author":2,"featured_media":1235036,"comment_status":"","ping_status":"","sticky":false,"template":"","format":"standard","meta":{"footnotes":"","_share_on_mastodon":"0"},"categories":[5],"tags":[55546,331,332,3364,29,217,30,13,1920,14,15,121,1269,12,5502,138370,1921,1348],"class_list":["post-1235035","post","type-post","status-publish","format-standard","has-post-thumbnail","category-nachrichten","tag-landgericht-dortmund","tag-aktuelle-nachrichten","tag-aktuelle-news","tag-de","tag-deutschland","tag-dortmund","tag-germany","tag-headlines","tag-missbrauch","tag-nachrichten","tag-news","tag-polizei","tag-prozess","tag-schlagzeilen","tag-sexueller-missbrauch","tag-team-first","tag-vergewaltigung","tag-wegener-andreas"],"share_on_mastodon":{"url":"https:\/\/pubeurope.com\/@de\/117091504836871656","error":""},"_links":{"self":[{"href":"https:\/\/www.europesays.com\/de\/wp-json\/wp\/v2\/posts\/1235035","targetHints":{"allow":["GET"]}}],"collection":[{"href":"https:\/\/www.europesays.com\/de\/wp-json\/wp\/v2\/posts"}],"about":[{"href":"https:\/\/www.europesays.com\/de\/wp-json\/wp\/v2\/types\/post"}],"author":[{"embeddable":true,"href":"https:\/\/www.europesays.com\/de\/wp-json\/wp\/v2\/users\/2"}],"replies":[{"embeddable":true,"href":"https:\/\/www.europesays.com\/de\/wp-json\/wp\/v2\/comments?post=1235035"}],"version-history":[{"count":0,"href":"https:\/\/www.europesays.com\/de\/wp-json\/wp\/v2\/posts\/1235035\/revisions"}],"wp:featuredmedia":[{"embeddable":true,"href":"https:\/\/www.europesays.com\/de\/wp-json\/wp\/v2\/media\/1235036"}],"wp:attachment":[{"href":"https:\/\/www.europesays.com\/de\/wp-json\/wp\/v2\/media?parent=1235035"}],"wp:term":[{"taxonomy":"category","embeddable":true,"href":"https:\/\/www.europesays.com\/de\/wp-json\/wp\/v2\/categories?post=1235035"},{"taxonomy":"post_tag","embeddable":true,"href":"https:\/\/www.europesays.com\/de\/wp-json\/wp\/v2\/tags?post=1235035"}],"curies":[{"name":"wp","href":"https:\/\/api.w.org\/{rel}","templated":true}]}}